{"id":21849,"date":"2023-01-03T16:09:17","date_gmt":"2023-01-03T15:09:17","guid":{"rendered":"https:\/\/www.movilesdualsim.com\/blog\/?p=21849"},"modified":"2023-01-03T16:09:17","modified_gmt":"2023-01-03T15:09:17","slug":"intel-completa-la-linea-de-procesadores-gen-13-para-computadoras-de-escritorio-con-modelos-de-35-y-65w","status":"publish","type":"post","link":"https:\/\/www.movilesdualsim.com\/blog\/intel-completa-la-linea-de-procesadores-gen-13-para-computadoras-de-escritorio-con-modelos-de-35-y-65w\/","title":{"rendered":"Intel completa la l\u00ednea de procesadores Gen 13 para computadoras de escritorio con modelos de 35 y 65W"},"content":{"rendered":"\n<p class=\"wp-block-paragraph\">En la conferencia celebrada en CES 2023, Intel anunci\u00f3 la <strong>finalizaci\u00f3n de la familia de procesadores Gen 13 para equipos de sobremesa<\/strong>, de los cuales los modelos K se introdujeron en septiembre. Durante la feria de Las Vegas, el gigante de Santa Clara present\u00f3 nuevos modelos.<\/p>\n\n\n\n<p class=\"wp-block-paragraph\">Las <strong>nuevas variantes de 35 y 65 vatios<\/strong> tienen como objetivo ofrecer a\u00fan m\u00e1s opciones a los entusiastas, con una mayor eficiencia energ\u00e9tica y un alto rendimiento de juego tanto durante las sesiones de juego como durante la productividad.<\/p>\n\n\n\n<p class=\"wp-block-paragraph\">Espec\u00edficamente, <strong>los procesadores ofrecen una frecuencia de hasta 5,6 Ghz<\/strong> con 24 n\u00facleos\/32 subprocesos y cach\u00e9 L2 m\u00e1s grande que, combinados, producen un rendimiento hasta un 11 % m\u00e1s r\u00e1pido en cargas de trabajo de subproceso \u00fanico y un 34 % en cargas de trabajo de subprocesos m\u00faltiples que los procesadores Intel Core de 12.\u00aa de \u00abgeneraci\u00f3n no K\u00bb.<\/p>\n\n\n\n<p class=\"wp-block-paragraph\">Tambi\u00e9n garantiz\u00f3 la compatibilidad completa proactiva y con versiones anteriores con las placas base de las series 600 y 700, as\u00ed como la <strong>soporte para memoria DDR5 y DDR4<\/strong>. Intel tambi\u00e9n ha trabajado en la eficiencia energ\u00e9tica, gracias a Intel Dynamic Tuning Technology y una mayor escalabilidad de potencia, con un rendimiento por vatio definido como \u00abel mejor de todos\u00bb.<\/p>\n\n\n\n<p class=\"wp-block-paragraph\">Tambi\u00e9n en CES 2023, <a href=\"https:\/\/www.movilesdualsim.com\/blog\/intel-presenta-los-procesadores-intel-core-h-series-de-13-a-generacion-para-portatiles\/\">Intel present\u00f3 los procesadores Intel Core H <\/a>Series de 13.\u00aa generaci\u00f3n para port\u00e1tiles, as\u00ed como las <a href=\"https:\/\/www.movilesdualsim.com\/blog\/intel-aqui-estan-los-procesadores-intel-core-mobile-p-y-u-series-de-13-a-generacion\/\">CPU Intel Core Mobile P y U Series<\/a>.<\/p>\n\n\n<div class=\"kk-star-ratings kksr-auto kksr-align-center kksr-valign-bottom\"\n    data-payload='{&quot;align&quot;:&quot;center&quot;,&quot;id&quot;:&quot;21849&quot;,&quot;slug&quot;:&quot;default&quot;,&quot;valign&quot;:&quot;bottom&quot;,&quot;ignore&quot;:&quot;&quot;,&quot;reference&quot;:&quot;auto&quot;,&quot;class&quot;:&quot;&quot;,&quot;count&quot;:&quot;1&quot;,&quot;legendonly&quot;:&quot;&quot;,&quot;readonly&quot;:&quot;&quot;,&quot;score&quot;:&quot;5&quot;,&quot;starsonly&quot;:&quot;&quot;,&quot;best&quot;:&quot;5&quot;,&quot;gap&quot;:&quot;5&quot;,&quot;greet&quot;:&quot;&quot;,&quot;legend&quot;:&quot;5\\\/5 - (1 voto)&quot;,&quot;size&quot;:&quot;24&quot;,&quot;title&quot;:&quot;Intel completa la l\u00ednea de procesadores Gen 13 para computadoras de escritorio con modelos de 35 y 65W&quot;,&quot;width&quot;:&quot;142.5&quot;,&quot;_legend&quot;:&quot;{score}\\\/{best} - ({count} {votes})&quot;,&quot;font_factor&quot;:&quot;1.25&quot;}'>\n            \n<div class=\"kksr-stars\">\n    \n<div class=\"kksr-stars-inactive\">\n            <div class=\"kksr-star\" data-star=\"1\" style=\"padding-right: 5px\">\n            \n\n<div class=\"kksr-icon\" style=\"width: 24px; height: 24px;\"><\/div>\n        <\/div>\n            <div class=\"kksr-star\" data-star=\"2\" style=\"padding-right: 5px\">\n            \n\n<div class=\"kksr-icon\" style=\"width: 24px; height: 24px;\"><\/div>\n        <\/div>\n            <div class=\"kksr-star\" data-star=\"3\" style=\"padding-right: 5px\">\n            \n\n<div class=\"kksr-icon\" style=\"width: 24px; height: 24px;\"><\/div>\n        <\/div>\n            <div class=\"kksr-star\" data-star=\"4\" style=\"padding-right: 5px\">\n            \n\n<div class=\"kksr-icon\" style=\"width: 24px; height: 24px;\"><\/div>\n        <\/div>\n            <div class=\"kksr-star\" data-star=\"5\" style=\"padding-right: 5px\">\n            \n\n<div class=\"kksr-icon\" style=\"width: 24px; height: 24px;\"><\/div>\n        <\/div>\n    <\/div>\n    \n<div class=\"kksr-stars-active\" style=\"width: 142.5px;\">\n            <div class=\"kksr-star\" style=\"padding-right: 5px\">\n            \n\n<div class=\"kksr-icon\" style=\"width: 24px; height: 24px;\"><\/div>\n        <\/div>\n            <div class=\"kksr-star\" style=\"padding-right: 5px\">\n            \n\n<div class=\"kksr-icon\" style=\"width: 24px; height: 24px;\"><\/div>\n        <\/div>\n            <div class=\"kksr-star\" style=\"padding-right: 5px\">\n            \n\n<div class=\"kksr-icon\" style=\"width: 24px; height: 24px;\"><\/div>\n        <\/div>\n            <div class=\"kksr-star\" style=\"padding-right: 5px\">\n            \n\n<div class=\"kksr-icon\" style=\"width: 24px; height: 24px;\"><\/div>\n        <\/div>\n            <div class=\"kksr-star\" style=\"padding-right: 5px\">\n            \n\n<div class=\"kksr-icon\" style=\"width: 24px; height: 24px;\"><\/div>\n        <\/div>\n    <\/div>\n<\/div>\n                \n\n<div class=\"kksr-legend\" style=\"font-size: 19.2px;\">\n            5\/5 - (1 voto)    <\/div>\n    <\/div>\n","protected":false},"excerpt":{"rendered":"<p>En la conferencia celebrada en CES 2023, Intel anunci\u00f3 la finalizaci\u00f3n de la familia de procesadores Gen 13 para equipos de sobremesa, de los cuales los modelos K se introdujeron en septiembre. Durante la feria de Las Vegas, el gigante de Santa Clara present\u00f3 nuevos modelos. Las nuevas variantes de 35 y 65 vatios tienen [&hellip;]<\/p>\n","protected":false},"author":14,"featured_media":21850,"comment_status":"open","ping_status":"closed","sticky":false,"template":"","format":"standard","meta":{"footnotes":""},"categories":[101],"tags":[],"class_list":["post-21849","post","type-post","status-publish","format-standard","has-post-thumbnail","hentry","category-noticias"],"_links":{"self":[{"href":"https:\/\/www.movilesdualsim.com\/blog\/wp-json\/wp\/v2\/posts\/21849","targetHints":{"allow":["GET"]}}],"collection":[{"href":"https:\/\/www.movilesdualsim.com\/blog\/wp-json\/wp\/v2\/posts"}],"about":[{"href":"https:\/\/www.movilesdualsim.com\/blog\/wp-json\/wp\/v2\/types\/post"}],"author":[{"embeddable":true,"href":"https:\/\/www.movilesdualsim.com\/blog\/wp-json\/wp\/v2\/users\/14"}],"replies":[{"embeddable":true,"href":"https:\/\/www.movilesdualsim.com\/blog\/wp-json\/wp\/v2\/comments?post=21849"}],"version-history":[{"count":2,"href":"https:\/\/www.movilesdualsim.com\/blog\/wp-json\/wp\/v2\/posts\/21849\/revisions"}],"predecessor-version":[{"id":21880,"href":"https:\/\/www.movilesdualsim.com\/blog\/wp-json\/wp\/v2\/posts\/21849\/revisions\/21880"}],"wp:featuredmedia":[{"embeddable":true,"href":"https:\/\/www.movilesdualsim.com\/blog\/wp-json\/wp\/v2\/media\/21850"}],"wp:attachment":[{"href":"https:\/\/www.movilesdualsim.com\/blog\/wp-json\/wp\/v2\/media?parent=21849"}],"wp:term":[{"taxonomy":"category","embeddable":true,"href":"https:\/\/www.movilesdualsim.com\/blog\/wp-json\/wp\/v2\/categories?post=21849"},{"taxonomy":"post_tag","embeddable":true,"href":"https:\/\/www.movilesdualsim.com\/blog\/wp-json\/wp\/v2\/tags?post=21849"}],"curies":[{"name":"wp","href":"https:\/\/api.w.org\/{rel}","templated":true}]}}