{"id":21864,"date":"2023-01-03T16:22:26","date_gmt":"2023-01-03T15:22:26","guid":{"rendered":"https:\/\/www.movilesdualsim.com\/blog\/?p=21864"},"modified":"2023-01-03T16:24:31","modified_gmt":"2023-01-03T15:24:31","slug":"iphone-15-y-15-plus-llegan-grandes-novedades-para-la-camara-incluido-el-usb-c","status":"publish","type":"post","link":"https:\/\/www.movilesdualsim.com\/blog\/iphone-15-y-15-plus-llegan-grandes-novedades-para-la-camara-incluido-el-usb-c\/","title":{"rendered":"iPhone 15 y 15 Plus: llegan grandes novedades para la c\u00e1mara, y tambi\u00e9n el USB-C"},"content":{"rendered":"\n<p class=\"wp-block-paragraph\">Unas horas despu\u00e9s de los <a href=\"https:\/\/www.movilesdualsim.com\/blog\/iphone-15-pro-avalancha-de-novedades-tendra-cuerpo-de-titanio-8-gb-de-ram-usb-c-y-chip-a17\/\">rumores sobre el iPhone 15 Pro, que al parecer podr\u00eda lucir un cuerpo de titanio<\/a>, 8GB de RAM y la entrada USB-C, tambi\u00e9n surgen nuevos rumores sobre los <strong>iPhone 15 y 15 Plus<\/strong> para los que Apple tendr\u00eda previstas algunas novedades importantes. <\/p>\n\n\n\n<p class=\"wp-block-paragraph\">Seg\u00fan el analista Jeff Pu de Haitong Intl Tech Research, algunas fuentes de la cadena de suministro habr\u00edan revelado que los modelos de iPhone 15 que no son Pro <strong>podr\u00edan estar equipados con una c\u00e1mara principal de 48 megap\u00edxeles<\/strong> con sensor de tres capas, probablemente el mismo que vimos en funcionamiento en el iPhone 14 Pro. De confirmarse esta indiscreci\u00f3n, ser\u00eda un importante paso adelante respecto a los iPhone 14s que est\u00e1n equipados con una c\u00e1mara principal de 12 megap\u00edxeles .<\/p>\n\n\n\n<p class=\"wp-block-paragraph\">Sin embargo, no parece haber ning\u00fan indicio de la posible llegada del teleobjetivo o un esc\u00e1ner LiDAR en los iPhone 15 y 15 Plus: evidentemente esta funci\u00f3n seguir\u00e1 siendo exclusiva de los modelos Pro tambi\u00e9n en 2023.<\/p>\n\n\n\n<p class=\"wp-block-paragraph\">Pu tambi\u00e9n afirma que tantoel <strong>iPhone 15 y iPhone 15 Plus integrar\u00e1n USB-C<\/strong> y el chip A16 Bionic. Evidentemente, Apple tiene la intenci\u00f3n de cumplir con la regulaci\u00f3n de cargador \u00fanico de la Uni\u00f3n Europea, abandonando la entrada Lightning patentada en favor del est\u00e1ndar universal. Queda por saber si este cambio afectar\u00e1 unicamente a los modelos comercializados en Europa o si har\u00e1n un modelo \u00fanico, decisi\u00f3n que nos parecer\u00eda m\u00e1s acertada.<\/p>\n\n\n\n<figure class=\"wp-block-image size-large\"><img loading=\"lazy\" decoding=\"async\" width=\"1300\" height=\"735\" src=\"https:\/\/www.movilesdualsim.com\/blog\/wp-content\/uploads\/omocm0bvnw4-1300x735.jpg\" alt=\"Apple\" class=\"wp-image-21888\" srcset=\"https:\/\/www.movilesdualsim.com\/blog\/wp-content\/uploads\/omocm0bvnw4-1300x735.jpg 1300w, https:\/\/www.movilesdualsim.com\/blog\/wp-content\/uploads\/omocm0bvnw4-300x170.jpg 300w, https:\/\/www.movilesdualsim.com\/blog\/wp-content\/uploads\/omocm0bvnw4-768x434.jpg 768w, https:\/\/www.movilesdualsim.com\/blog\/wp-content\/uploads\/omocm0bvnw4-1536x869.jpg 1536w, https:\/\/www.movilesdualsim.com\/blog\/wp-content\/uploads\/omocm0bvnw4.jpg 1600w\" sizes=\"auto, (max-width: 1300px) 100vw, 1300px\" \/><figcaption class=\"wp-element-caption\">Logo de Apple en sus oficinas<\/figcaption><\/figure>\n\n\n\n<p class=\"wp-block-paragraph\">La presentaci\u00f3n oficial del nuevo iPhone 15 deber\u00eda tener lugar en oto\u00f1o, en l\u00ednea con lo que se ha hecho en los \u00faltimos a\u00f1os.<\/p>\n\n\n<div class=\"kk-star-ratings kksr-auto kksr-align-center kksr-valign-bottom\"\n    data-payload='{&quot;align&quot;:&quot;center&quot;,&quot;id&quot;:&quot;21864&quot;,&quot;slug&quot;:&quot;default&quot;,&quot;valign&quot;:&quot;bottom&quot;,&quot;ignore&quot;:&quot;&quot;,&quot;reference&quot;:&quot;auto&quot;,&quot;class&quot;:&quot;&quot;,&quot;count&quot;:&quot;3&quot;,&quot;legendonly&quot;:&quot;&quot;,&quot;readonly&quot;:&quot;&quot;,&quot;score&quot;:&quot;5&quot;,&quot;starsonly&quot;:&quot;&quot;,&quot;best&quot;:&quot;5&quot;,&quot;gap&quot;:&quot;5&quot;,&quot;greet&quot;:&quot;&quot;,&quot;legend&quot;:&quot;5\\\/5 - (3 votos)&quot;,&quot;size&quot;:&quot;24&quot;,&quot;title&quot;:&quot;iPhone 15 y 15 Plus: llegan grandes novedades para la c\u00e1mara, y tambi\u00e9n el USB-C&quot;,&quot;width&quot;:&quot;142.5&quot;,&quot;_legend&quot;:&quot;{score}\\\/{best} - ({count} {votes})&quot;,&quot;font_factor&quot;:&quot;1.25&quot;}'>\n            \n<div class=\"kksr-stars\">\n    \n<div class=\"kksr-stars-inactive\">\n            <div class=\"kksr-star\" data-star=\"1\" style=\"padding-right: 5px\">\n            \n\n<div class=\"kksr-icon\" style=\"width: 24px; height: 24px;\"><\/div>\n        <\/div>\n            <div class=\"kksr-star\" data-star=\"2\" style=\"padding-right: 5px\">\n            \n\n<div class=\"kksr-icon\" style=\"width: 24px; height: 24px;\"><\/div>\n        <\/div>\n            <div class=\"kksr-star\" data-star=\"3\" style=\"padding-right: 5px\">\n            \n\n<div class=\"kksr-icon\" style=\"width: 24px; height: 24px;\"><\/div>\n        <\/div>\n            <div class=\"kksr-star\" data-star=\"4\" style=\"padding-right: 5px\">\n            \n\n<div class=\"kksr-icon\" style=\"width: 24px; height: 24px;\"><\/div>\n        <\/div>\n            <div class=\"kksr-star\" data-star=\"5\" style=\"padding-right: 5px\">\n            \n\n<div class=\"kksr-icon\" style=\"width: 24px; height: 24px;\"><\/div>\n        <\/div>\n    <\/div>\n    \n<div class=\"kksr-stars-active\" style=\"width: 142.5px;\">\n            <div class=\"kksr-star\" style=\"padding-right: 5px\">\n            \n\n<div class=\"kksr-icon\" style=\"width: 24px; height: 24px;\"><\/div>\n        <\/div>\n            <div class=\"kksr-star\" style=\"padding-right: 5px\">\n            \n\n<div class=\"kksr-icon\" style=\"width: 24px; height: 24px;\"><\/div>\n        <\/div>\n            <div class=\"kksr-star\" style=\"padding-right: 5px\">\n            \n\n<div class=\"kksr-icon\" style=\"width: 24px; height: 24px;\"><\/div>\n        <\/div>\n            <div class=\"kksr-star\" style=\"padding-right: 5px\">\n            \n\n<div class=\"kksr-icon\" style=\"width: 24px; height: 24px;\"><\/div>\n        <\/div>\n            <div class=\"kksr-star\" style=\"padding-right: 5px\">\n            \n\n<div class=\"kksr-icon\" style=\"width: 24px; height: 24px;\"><\/div>\n        <\/div>\n    <\/div>\n<\/div>\n                \n\n<div class=\"kksr-legend\" style=\"font-size: 19.2px;\">\n            5\/5 - (3 votos)    <\/div>\n    <\/div>\n","protected":false},"excerpt":{"rendered":"<p>Unas horas despu\u00e9s de los rumores sobre el iPhone 15 Pro, que al parecer podr\u00eda lucir un cuerpo de titanio, 8GB de RAM y la entrada USB-C, tambi\u00e9n surgen nuevos rumores sobre los iPhone 15 y 15 Plus para los que Apple tendr\u00eda previstas algunas novedades importantes. Seg\u00fan el analista Jeff Pu de Haitong Intl [&hellip;]<\/p>\n","protected":false},"author":14,"featured_media":21865,"comment_status":"open","ping_status":"closed","sticky":false,"template":"","format":"standard","meta":{"footnotes":""},"categories":[101],"tags":[252],"class_list":["post-21864","post","type-post","status-publish","format-standard","has-post-thumbnail","hentry","category-noticias","tag-apple"],"_links":{"self":[{"href":"https:\/\/www.movilesdualsim.com\/blog\/wp-json\/wp\/v2\/posts\/21864","targetHints":{"allow":["GET"]}}],"collection":[{"href":"https:\/\/www.movilesdualsim.com\/blog\/wp-json\/wp\/v2\/posts"}],"about":[{"href":"https:\/\/www.movilesdualsim.com\/blog\/wp-json\/wp\/v2\/types\/post"}],"author":[{"embeddable":true,"href":"https:\/\/www.movilesdualsim.com\/blog\/wp-json\/wp\/v2\/users\/14"}],"replies":[{"embeddable":true,"href":"https:\/\/www.movilesdualsim.com\/blog\/wp-json\/wp\/v2\/comments?post=21864"}],"version-history":[{"count":3,"href":"https:\/\/www.movilesdualsim.com\/blog\/wp-json\/wp\/v2\/posts\/21864\/revisions"}],"predecessor-version":[{"id":21890,"href":"https:\/\/www.movilesdualsim.com\/blog\/wp-json\/wp\/v2\/posts\/21864\/revisions\/21890"}],"wp:featuredmedia":[{"embeddable":true,"href":"https:\/\/www.movilesdualsim.com\/blog\/wp-json\/wp\/v2\/media\/21865"}],"wp:attachment":[{"href":"https:\/\/www.movilesdualsim.com\/blog\/wp-json\/wp\/v2\/media?parent=21864"}],"wp:term":[{"taxonomy":"category","embeddable":true,"href":"https:\/\/www.movilesdualsim.com\/blog\/wp-json\/wp\/v2\/categories?post=21864"},{"taxonomy":"post_tag","embeddable":true,"href":"https:\/\/www.movilesdualsim.com\/blog\/wp-json\/wp\/v2\/tags?post=21864"}],"curies":[{"name":"wp","href":"https:\/\/api.w.org\/{rel}","templated":true}]}}