{"id":21899,"date":"2023-01-04T10:51:53","date_gmt":"2023-01-04T09:51:53","guid":{"rendered":"https:\/\/www.movilesdualsim.com\/blog\/?p=21899"},"modified":"2023-01-04T10:57:38","modified_gmt":"2023-01-04T09:57:38","slug":"apple-ar-nuevos-rumores-tendra-corona-digital-y-accesorio-magnetico-para-gafas","status":"publish","type":"post","link":"https:\/\/www.movilesdualsim.com\/blog\/apple-ar-nuevos-rumores-tendra-corona-digital-y-accesorio-magnetico-para-gafas\/","title":{"rendered":"Apple AR, nuevos rumores: \u00bftendr\u00e1 corona digital y accesorio magn\u00e9tico para gafas?"},"content":{"rendered":"\n<p class=\"wp-block-paragraph\">Con el comienzo del nuevo a\u00f1o ha empezado el cl\u00e1sico vaiv\u00e9n de rumores sobre los productos que veremos en las tiendas a lo largo de los pr\u00f3ximos meses. Entre los protagonistas tambi\u00e9n podr\u00eda estar ah\u00ed <strong>las esperadas gafas para realidad virtual y aumentada de Apple.<\/strong><\/p>\n\n\n\n<p class=\"wp-block-paragraph\">Un nuevo informe publicado por The Information hace un balance de las especificaciones que la compa\u00f1\u00eda americana podr\u00eda integrar en estas, con el fin de garantizar a los usuarios la experiencia m\u00e1s c\u00f3moda posible.<\/p>\n\n\n\n<p class=\"wp-block-paragraph\">Aparentemente, las funciones en las que Apple est\u00e1 trabajando son bastante numerosas. <strong>Las gafas deben ofrecer un campo de visi\u00f3n de 120 grados<\/strong>, un incremento importante frente a los 106 grados de Meta Quest Pro y Valve Index, que actualmente representan sus principales competidores.<\/p>\n\n\n\n<p class=\"wp-block-paragraph\">Apple tambi\u00e9n estar\u00eda trabajando en algunos motores peque\u00f1os que <strong>ajustar\u00e1n autom\u00e1ticamente las lentes seg\u00fan la distancia interpupilar<\/strong> del usuario, pero tambi\u00e9n se habla de unas lentes correctoras personalizadas con fijaci\u00f3n magn\u00e9tica para los muchos usuarios que usan gafas.<\/p>\n\n\n\n<figure class=\"wp-block-image size-large\"><img loading=\"lazy\" decoding=\"async\" width=\"1300\" height=\"867\" src=\"https:\/\/www.movilesdualsim.com\/blog\/wp-content\/uploads\/nptt9rd8wd4-1300x867.jpg\" alt=\"Realidad Aumentada\" class=\"wp-image-21922\" srcset=\"https:\/\/www.movilesdualsim.com\/blog\/wp-content\/uploads\/nptt9rd8wd4-1300x867.jpg 1300w, https:\/\/www.movilesdualsim.com\/blog\/wp-content\/uploads\/nptt9rd8wd4-300x200.jpg 300w, https:\/\/www.movilesdualsim.com\/blog\/wp-content\/uploads\/nptt9rd8wd4-768x512.jpg 768w, https:\/\/www.movilesdualsim.com\/blog\/wp-content\/uploads\/nptt9rd8wd4-1536x1024.jpg 1536w, https:\/\/www.movilesdualsim.com\/blog\/wp-content\/uploads\/nptt9rd8wd4.jpg 1600w\" sizes=\"auto, (max-width: 1300px) 100vw, 1300px\" \/><figcaption class=\"wp-element-caption\">Realidad Aumentada y Apple &#8230; \u00bfQue podr\u00eda pasar?<\/figcaption><\/figure>\n\n\n\n<p class=\"wp-block-paragraph\">Tambi\u00e9n se prev\u00e9 la integraci\u00f3n de una corona digital en el lado derecho (similar a la de Apple Watch) que le permitir\u00e1 cambiar r\u00e1pidamente del mundo virtual al f\u00edsico y viceversa.<\/p>\n\n\n\n<p class=\"wp-block-paragraph\">Debajo del cuerpo habr\u00e1 espacio para el <strong>Chip H2 que ofrecer\u00e1 una conexi\u00f3n de baja latencia<\/strong>, as\u00ed como un SoC principal que incluir\u00e1 CPU, GPU y memoria, y un procesador de se\u00f1al de imagen dedicado basado en el proceso de producci\u00f3n de 5nm. Un ISP dedicado traducir\u00e1 las im\u00e1genes recopiladas por las c\u00e1maras externas y ofrecer\u00e1 una representaci\u00f3n fiel del entorno circundante, todo con baja latencia.<\/p>\n\n\n\n<p class=\"wp-block-paragraph\">Confirmaciones tambi\u00e9n para la pantalla que mira hacia afuera en la parte frontal del dispositivo que mostrar\u00e1 las expresiones faciales del usuario a las personas que lo rodean: con esta elecci\u00f3n, <strong>Apple pretende reducir la sensaci\u00f3n de aislamiento<\/strong>.<\/p>\n\n\n\n<h2 class=\"wp-block-heading\">Especificaciones de Apple AR seg\u00fan los rumores<\/h2>\n\n\n\n<ul class=\"wp-block-list\">\n<li>Una bater\u00eda montada en la cintura, conectada a trav\u00e9s de un cable de alimentaci\u00f3n magn\u00e9tico similar a MagSafe a la diadema del auricular. Una carga de bater\u00eda no dura m\u00e1s de dos horas, pero los usuarios pueden cambiar la bater\u00eda para sesiones m\u00e1s largas.<\/li>\n\n\n\n<li>Un dise\u00f1o que utiliza aluminio, vidrio y fibra de carbono para reducir su tama\u00f1o y peso. Las c\u00e1maras se ocultan en gran medida por razones est\u00e9ticas.<\/li>\n\n\n\n<li>Un peque\u00f1o dial similar a Digital Crown en su lado derecho que permite a los usuarios hacer una transici\u00f3n r\u00e1pida entre el mundo virtual y el f\u00edsico. A diferencia del Apple Watch, no ofrecer\u00e1 retroalimentaci\u00f3n h\u00e1ptica.<\/li>\n\n\n\n<li>Apple ha desarrollado diferentes bandas para la cabeza, incluida una para consumidores hecha de un material similar a las bandas deportivas Apple Watch con parlantes incorporados y otra dirigida a desarrolladores.<\/li>\n\n\n\n<li>Lentes graduadas personalizadas acoplables magn\u00e9ticamente para usuarios de anteojos.<\/li>\n\n\n\n<li>Peque\u00f1os motores para ajustar autom\u00e1ticamente sus lentes internos para que coincidan con la distancia interpupilar del usuario, proporcionando el mayor campo de visi\u00f3n posible para cada individuo.<\/li>\n\n\n\n<li>Un campo de visi\u00f3n de 120 grados, como Valve Index, m\u00e1s que el campo de visi\u00f3n de 106 grados de Meta Quest Pro.<\/li>\n\n\n\n<li>El chip H2 para una conexi\u00f3n de latencia ultrabaja con los AirPods Pro de segunda generaci\u00f3n y los futuros modelos de AirPods.<\/li>\n\n\n\n<li>Dos chips, incluido un SoC principal, que incluye una CPU, GPU y memoria, y un procesador de se\u00f1al de imagen dedicado. Ambos est\u00e1n fabricados con un proceso de 5 nm, lo que significa que los auriculares pierden los avances que se espera que lleguen a otros chips de Apple a finales de este a\u00f1o. Los chips se comunican a trav\u00e9s de un c\u00f3dec de transmisi\u00f3n personalizado que Apple se vio obligado a desarrollar debido a una latencia inaceptable.<\/li>\n\n\n\n<li>El ISP dedicado traduce las im\u00e1genes distorsionadas capturadas por las c\u00e1maras externas en una representaci\u00f3n de video fiel del entorno del usuario con baja latencia. El chip contiene una memoria personalizada de gran ancho de banda fabricada por SK Hynix.<\/li>\n\n\n\n<li>La capacidad de ejecutar aplicaciones iOS existentes en 2D.<\/li>\n<\/ul>\n\n\n\n<p class=\"wp-block-paragraph\">No est\u00e1 claro cu\u00e1ndo ver\u00e1 la luz este auricular, pero The Information explica que Pegatron ya habr\u00eda ensamblado miles de prototipos el a\u00f1o pasado. <strong>El precio deber\u00eda rondar los $ 3,000<\/strong> y podr\u00eda variar seg\u00fan la configuraci\u00f3n.<\/p>\n\n\n\n<p class=\"wp-block-paragraph\">Justo antes de Navidad, algunos rumores hab\u00edan indicado que el lanzamiento de Apple AR podr\u00eda posponerse hasta finales de 2023.<\/p>\n\n\n<div class=\"kk-star-ratings kksr-auto kksr-align-center kksr-valign-bottom\"\n    data-payload='{&quot;align&quot;:&quot;center&quot;,&quot;id&quot;:&quot;21899&quot;,&quot;slug&quot;:&quot;default&quot;,&quot;valign&quot;:&quot;bottom&quot;,&quot;ignore&quot;:&quot;&quot;,&quot;reference&quot;:&quot;auto&quot;,&quot;class&quot;:&quot;&quot;,&quot;count&quot;:&quot;2&quot;,&quot;legendonly&quot;:&quot;&quot;,&quot;readonly&quot;:&quot;&quot;,&quot;score&quot;:&quot;5&quot;,&quot;starsonly&quot;:&quot;&quot;,&quot;best&quot;:&quot;5&quot;,&quot;gap&quot;:&quot;5&quot;,&quot;greet&quot;:&quot;&quot;,&quot;legend&quot;:&quot;5\\\/5 - (2 votos)&quot;,&quot;size&quot;:&quot;24&quot;,&quot;title&quot;:&quot;Apple AR, nuevos rumores: \u00bftendr\u00e1 corona digital y accesorio magn\u00e9tico para gafas?&quot;,&quot;width&quot;:&quot;142.5&quot;,&quot;_legend&quot;:&quot;{score}\\\/{best} - ({count} {votes})&quot;,&quot;font_factor&quot;:&quot;1.25&quot;}'>\n            \n<div class=\"kksr-stars\">\n    \n<div class=\"kksr-stars-inactive\">\n            <div class=\"kksr-star\" data-star=\"1\" style=\"padding-right: 5px\">\n            \n\n<div class=\"kksr-icon\" style=\"width: 24px; height: 24px;\"><\/div>\n        <\/div>\n            <div class=\"kksr-star\" data-star=\"2\" style=\"padding-right: 5px\">\n            \n\n<div class=\"kksr-icon\" style=\"width: 24px; height: 24px;\"><\/div>\n        <\/div>\n            <div class=\"kksr-star\" data-star=\"3\" style=\"padding-right: 5px\">\n            \n\n<div class=\"kksr-icon\" style=\"width: 24px; height: 24px;\"><\/div>\n        <\/div>\n            <div class=\"kksr-star\" data-star=\"4\" style=\"padding-right: 5px\">\n            \n\n<div class=\"kksr-icon\" style=\"width: 24px; height: 24px;\"><\/div>\n        <\/div>\n            <div class=\"kksr-star\" data-star=\"5\" style=\"padding-right: 5px\">\n            \n\n<div class=\"kksr-icon\" style=\"width: 24px; height: 24px;\"><\/div>\n        <\/div>\n    <\/div>\n    \n<div class=\"kksr-stars-active\" style=\"width: 142.5px;\">\n            <div class=\"kksr-star\" style=\"padding-right: 5px\">\n            \n\n<div class=\"kksr-icon\" style=\"width: 24px; height: 24px;\"><\/div>\n        <\/div>\n            <div class=\"kksr-star\" style=\"padding-right: 5px\">\n            \n\n<div class=\"kksr-icon\" style=\"width: 24px; height: 24px;\"><\/div>\n        <\/div>\n            <div class=\"kksr-star\" style=\"padding-right: 5px\">\n            \n\n<div class=\"kksr-icon\" style=\"width: 24px; height: 24px;\"><\/div>\n        <\/div>\n            <div class=\"kksr-star\" style=\"padding-right: 5px\">\n            \n\n<div class=\"kksr-icon\" style=\"width: 24px; height: 24px;\"><\/div>\n        <\/div>\n            <div class=\"kksr-star\" style=\"padding-right: 5px\">\n            \n\n<div class=\"kksr-icon\" style=\"width: 24px; height: 24px;\"><\/div>\n        <\/div>\n    <\/div>\n<\/div>\n                \n\n<div class=\"kksr-legend\" style=\"font-size: 19.2px;\">\n            5\/5 - (2 votos)    <\/div>\n    <\/div>\n","protected":false},"excerpt":{"rendered":"<p>Con el comienzo del nuevo a\u00f1o ha empezado el cl\u00e1sico vaiv\u00e9n de rumores sobre los productos que veremos en las tiendas a lo largo de los pr\u00f3ximos meses. Entre los protagonistas tambi\u00e9n podr\u00eda estar ah\u00ed las esperadas gafas para realidad virtual y aumentada de Apple. Un nuevo informe publicado por The Information hace un balance [&hellip;]<\/p>\n","protected":false},"author":14,"featured_media":21900,"comment_status":"open","ping_status":"closed","sticky":false,"template":"","format":"standard","meta":{"footnotes":""},"categories":[101],"tags":[252],"class_list":["post-21899","post","type-post","status-publish","format-standard","has-post-thumbnail","hentry","category-noticias","tag-apple"],"_links":{"self":[{"href":"https:\/\/www.movilesdualsim.com\/blog\/wp-json\/wp\/v2\/posts\/21899","targetHints":{"allow":["GET"]}}],"collection":[{"href":"https:\/\/www.movilesdualsim.com\/blog\/wp-json\/wp\/v2\/posts"}],"about":[{"href":"https:\/\/www.movilesdualsim.com\/blog\/wp-json\/wp\/v2\/types\/post"}],"author":[{"embeddable":true,"href":"https:\/\/www.movilesdualsim.com\/blog\/wp-json\/wp\/v2\/users\/14"}],"replies":[{"embeddable":true,"href":"https:\/\/www.movilesdualsim.com\/blog\/wp-json\/wp\/v2\/comments?post=21899"}],"version-history":[{"count":3,"href":"https:\/\/www.movilesdualsim.com\/blog\/wp-json\/wp\/v2\/posts\/21899\/revisions"}],"predecessor-version":[{"id":21925,"href":"https:\/\/www.movilesdualsim.com\/blog\/wp-json\/wp\/v2\/posts\/21899\/revisions\/21925"}],"wp:featuredmedia":[{"embeddable":true,"href":"https:\/\/www.movilesdualsim.com\/blog\/wp-json\/wp\/v2\/media\/21900"}],"wp:attachment":[{"href":"https:\/\/www.movilesdualsim.com\/blog\/wp-json\/wp\/v2\/media?parent=21899"}],"wp:term":[{"taxonomy":"category","embeddable":true,"href":"https:\/\/www.movilesdualsim.com\/blog\/wp-json\/wp\/v2\/categories?post=21899"},{"taxonomy":"post_tag","embeddable":true,"href":"https:\/\/www.movilesdualsim.com\/blog\/wp-json\/wp\/v2\/tags?post=21899"}],"curies":[{"name":"wp","href":"https:\/\/api.w.org\/{rel}","templated":true}]}}