{"id":22068,"date":"2023-01-05T04:12:36","date_gmt":"2023-01-05T03:12:36","guid":{"rendered":"https:\/\/www.movilesdualsim.com\/blog\/?p=22068"},"modified":"2023-01-05T04:12:37","modified_gmt":"2023-01-05T03:12:37","slug":"el-samsung-galaxy-s23-podria-llegar-con-128gb-de-memoria","status":"publish","type":"post","link":"https:\/\/www.movilesdualsim.com\/blog\/el-samsung-galaxy-s23-podria-llegar-con-128gb-de-memoria\/","title":{"rendered":"El Samsung Galaxy S23 podr\u00eda llegar con 128GB de memoria"},"content":{"rendered":"\n<p class=\"wp-block-paragraph\">Hace unos d\u00edas surgieron rumores de que el Samsung Galaxy S23 podr\u00eda partir con 256GB de memoria. Hoy, otra fuga de informaci\u00f3n apunta en una direcci\u00f3n algo m\u00e1s humilde, y est\u00e1 proviene de un filtrador particularmente confiable.<\/p>\n\n\n\n<p class=\"wp-block-paragraph\">Ha sido Roland Quandt, un informante que ha demostrado ser bastante preciso con lo que dijo en el pasado, en un nuevo tuit qui\u00e9n ha afirmado que al final Samsung podr\u00eda lanzar un Galaxy S23 con 128 gigas de memoria interna.<\/p>\n\n\n\n<p class=\"wp-block-paragraph\">No est\u00e1 claro si el gigante coreano ha cambiado de opini\u00f3n o si lo publicado anteriormente no era cierto, pero no cabe  duda de que, un modelo base con 256 gigabytes de almacenamiento habr\u00eda sido bien recibido por los usuarios, ya que 128 GB resulta escaso para muchos.<\/p>\n\n\n\n<p class=\"wp-block-paragraph\">El filtrador Ahmed Qwaider habl\u00f3 anteriormente sobre tres opciones: 8\/256 Gb para el modelo base, 8\/256 Gb para la variante Plus y 256\/512 Gb y 1 terabyte con 12 Gb de RAM para la variante Ultra.<\/p>\n\n\n\n<p class=\"wp-block-paragraph\"><strong>De la posible despedida del recorte de 128 gigas <\/strong>tambi\u00e9n se habl\u00f3 desde la perspectiva del iPhone 14, pero como pudimos ver al final, Apple tambi\u00e9n prefiri\u00f3 mantener esta variante en este caso.<\/p>\n\n\n\n<p class=\"wp-block-paragraph\">Volviendo al Galaxy S23, tambi\u00e9n se habla de un nuevo sistema de refrigeraci\u00f3n.<\/p>\n\n\n<div class=\"kk-star-ratings kksr-auto kksr-align-center kksr-valign-bottom\"\n    data-payload='{&quot;align&quot;:&quot;center&quot;,&quot;id&quot;:&quot;22068&quot;,&quot;slug&quot;:&quot;default&quot;,&quot;valign&quot;:&quot;bottom&quot;,&quot;ignore&quot;:&quot;&quot;,&quot;reference&quot;:&quot;auto&quot;,&quot;class&quot;:&quot;&quot;,&quot;count&quot;:&quot;2&quot;,&quot;legendonly&quot;:&quot;&quot;,&quot;readonly&quot;:&quot;&quot;,&quot;score&quot;:&quot;5&quot;,&quot;starsonly&quot;:&quot;&quot;,&quot;best&quot;:&quot;5&quot;,&quot;gap&quot;:&quot;5&quot;,&quot;greet&quot;:&quot;&quot;,&quot;legend&quot;:&quot;5\\\/5 - (2 votos)&quot;,&quot;size&quot;:&quot;24&quot;,&quot;title&quot;:&quot;El Samsung Galaxy S23 podr\u00eda llegar con 128GB de memoria&quot;,&quot;width&quot;:&quot;142.5&quot;,&quot;_legend&quot;:&quot;{score}\\\/{best} - ({count} {votes})&quot;,&quot;font_factor&quot;:&quot;1.25&quot;}'>\n            \n<div class=\"kksr-stars\">\n    \n<div class=\"kksr-stars-inactive\">\n            <div class=\"kksr-star\" data-star=\"1\" style=\"padding-right: 5px\">\n            \n\n<div class=\"kksr-icon\" style=\"width: 24px; height: 24px;\"><\/div>\n        <\/div>\n            <div class=\"kksr-star\" data-star=\"2\" style=\"padding-right: 5px\">\n            \n\n<div class=\"kksr-icon\" style=\"width: 24px; height: 24px;\"><\/div>\n        <\/div>\n            <div class=\"kksr-star\" data-star=\"3\" style=\"padding-right: 5px\">\n            \n\n<div class=\"kksr-icon\" style=\"width: 24px; height: 24px;\"><\/div>\n        <\/div>\n            <div class=\"kksr-star\" data-star=\"4\" style=\"padding-right: 5px\">\n            \n\n<div class=\"kksr-icon\" style=\"width: 24px; height: 24px;\"><\/div>\n        <\/div>\n            <div class=\"kksr-star\" data-star=\"5\" style=\"padding-right: 5px\">\n            \n\n<div class=\"kksr-icon\" style=\"width: 24px; height: 24px;\"><\/div>\n        <\/div>\n    <\/div>\n    \n<div class=\"kksr-stars-active\" style=\"width: 142.5px;\">\n            <div class=\"kksr-star\" style=\"padding-right: 5px\">\n            \n\n<div class=\"kksr-icon\" style=\"width: 24px; height: 24px;\"><\/div>\n        <\/div>\n            <div class=\"kksr-star\" style=\"padding-right: 5px\">\n            \n\n<div class=\"kksr-icon\" style=\"width: 24px; height: 24px;\"><\/div>\n        <\/div>\n            <div class=\"kksr-star\" style=\"padding-right: 5px\">\n            \n\n<div class=\"kksr-icon\" style=\"width: 24px; height: 24px;\"><\/div>\n        <\/div>\n            <div class=\"kksr-star\" style=\"padding-right: 5px\">\n            \n\n<div class=\"kksr-icon\" style=\"width: 24px; height: 24px;\"><\/div>\n        <\/div>\n            <div class=\"kksr-star\" style=\"padding-right: 5px\">\n            \n\n<div class=\"kksr-icon\" style=\"width: 24px; height: 24px;\"><\/div>\n        <\/div>\n    <\/div>\n<\/div>\n                \n\n<div class=\"kksr-legend\" style=\"font-size: 19.2px;\">\n            5\/5 - (2 votos)    <\/div>\n    <\/div>\n","protected":false},"excerpt":{"rendered":"<p>Hace unos d\u00edas surgieron rumores de que el Samsung Galaxy S23 podr\u00eda partir con 256GB de memoria. Hoy, otra fuga de informaci\u00f3n apunta en una direcci\u00f3n algo m\u00e1s humilde, y est\u00e1 proviene de un filtrador particularmente confiable. Ha sido Roland Quandt, un informante que ha demostrado ser bastante preciso con lo que dijo en el [&hellip;]<\/p>\n","protected":false},"author":14,"featured_media":22069,"comment_status":"open","ping_status":"closed","sticky":false,"template":"","format":"standard","meta":{"footnotes":""},"categories":[101],"tags":[252,982],"class_list":["post-22068","post","type-post","status-publish","format-standard","has-post-thumbnail","hentry","category-noticias","tag-apple","tag-samsung-2"],"_links":{"self":[{"href":"https:\/\/www.movilesdualsim.com\/blog\/wp-json\/wp\/v2\/posts\/22068","targetHints":{"allow":["GET"]}}],"collection":[{"href":"https:\/\/www.movilesdualsim.com\/blog\/wp-json\/wp\/v2\/posts"}],"about":[{"href":"https:\/\/www.movilesdualsim.com\/blog\/wp-json\/wp\/v2\/types\/post"}],"author":[{"embeddable":true,"href":"https:\/\/www.movilesdualsim.com\/blog\/wp-json\/wp\/v2\/users\/14"}],"replies":[{"embeddable":true,"href":"https:\/\/www.movilesdualsim.com\/blog\/wp-json\/wp\/v2\/comments?post=22068"}],"version-history":[{"count":2,"href":"https:\/\/www.movilesdualsim.com\/blog\/wp-json\/wp\/v2\/posts\/22068\/revisions"}],"predecessor-version":[{"id":22072,"href":"https:\/\/www.movilesdualsim.com\/blog\/wp-json\/wp\/v2\/posts\/22068\/revisions\/22072"}],"wp:featuredmedia":[{"embeddable":true,"href":"https:\/\/www.movilesdualsim.com\/blog\/wp-json\/wp\/v2\/media\/22069"}],"wp:attachment":[{"href":"https:\/\/www.movilesdualsim.com\/blog\/wp-json\/wp\/v2\/media?parent=22068"}],"wp:term":[{"taxonomy":"category","embeddable":true,"href":"https:\/\/www.movilesdualsim.com\/blog\/wp-json\/wp\/v2\/categories?post=22068"},{"taxonomy":"post_tag","embeddable":true,"href":"https:\/\/www.movilesdualsim.com\/blog\/wp-json\/wp\/v2\/tags?post=22068"}],"curies":[{"name":"wp","href":"https:\/\/api.w.org\/{rel}","templated":true}]}}