{"id":22289,"date":"2023-01-06T13:21:51","date_gmt":"2023-01-06T12:21:51","guid":{"rendered":"https:\/\/www.movilesdualsim.com\/blog\/?p=22289"},"modified":"2023-01-06T13:21:51","modified_gmt":"2023-01-06T12:21:51","slug":"apple-ar-se-anunciara-a-mediados-de-2023-presentacion-en-marzo-o-en-la-wwdc","status":"publish","type":"post","link":"https:\/\/www.movilesdualsim.com\/blog\/apple-ar-se-anunciara-a-mediados-de-2023-presentacion-en-marzo-o-en-la-wwdc\/","title":{"rendered":"Apple AR se anunciar\u00e1 a mediados de 2023: presentaci\u00f3n en marzo o en la WWDC"},"content":{"rendered":"\n<p class=\"wp-block-paragraph\">Las \u00faltimas filtraciones sobre el lanzamiento de Apple AR no presagiaban nada bueno, augurando un aplazamiento del inicio de la producci\u00f3n en masa del dispositivo entre finales del segundo y principios del tercer trimestre del a\u00f1o. A pesar de ello, un conocido analista dijo estar seguro de que Apple AR debutar\u00e1 en primavera o como muy tarde en la WWDC.<\/p>\n\n\n\n<p class=\"wp-block-paragraph\">As\u00ed lo revel\u00f3 el experto del mundo Apple Ming-Chi Kuo quien en un <a href=\"https:\/\/twitter.com\/mingchikuo\/status\/1611210755231338504?t=11nhsNsgtk4vslVaJP0OQQ&amp;s=19\">hilo de Twitter<\/a> explic\u00f3 que la hip\u00f3tesis de una presentaci\u00f3n de Apple AR en enero de 2023 ahora se ha desvanecido, y que el dispositivo ya no se anunciar\u00e1 durante un evento dedicado (como deber\u00eda haber sido este mes), sino durante el discurso de apertura de primavera de marzo o a principios de verano de WWDC.<\/p>\n\n\n\n<p class=\"wp-block-paragraph\">En cualquier caso, <strong>Apple utilizar\u00e1 la misma estrategia utilizada para Apple Watch<\/strong>, presentando el nuevo dispositivo mucho antes de su comercializaci\u00f3n. En otras palabras, incluso si Apple AR entrara en producci\u00f3n entre finales de mayo y principios de junio, una presentaci\u00f3n en marzo o junio todav\u00eda tendr\u00eda sentido, ya que el visor no llegar\u00eda a las tiendas hasta finales de oto\u00f1o.<\/p>\n\n\n\n<p class=\"wp-block-paragraph\">Kuo explica espec\u00edficamente que \u00ab<strong>el desarrollo de los auriculares Apple AR-MR se est\u00e1 quedando atr\u00e1s <\/strong>debido a un problema en las pruebas de ca\u00edda de los componentes mec\u00e1nicos y la falta de disponibilidad de herramientas de desarrollo para el software, lo que significa que la producci\u00f3n en masa de las gafas se ha trasladado desde principios del segundo trimestre de 2023 hasta finales del segundo trimestre de 2023 o incluso al final o comienzo del tercer trimestre\u00bb.<\/p>\n\n\n\n<p class=\"wp-block-paragraph\">En el mismo hilo, el analista contin\u00faa explicando que \u00abcada vez es m\u00e1s improbable que Apple haga un evento medi\u00e1tico para el dispositivo en enero. A estas alturas, lo m\u00e1s probable es que Apple anuncie los auriculares en un evento de primavera o WWDC 2022, seg\u00fan su etapa actual de desarrollo\u201d. Desafortunadamente, Kuo no coment\u00f3 sobre los rumores de la hoja de especificaciones de Apple AR que rodaron los \u00faltimos d\u00edas de que <a href=\"https:\/\/www.movilesdualsim.com\/blog\/apple-ar-nuevos-rumores-tendra-corona-digital-y-accesorio-magnetico-para-gafas\/\">el dispositivo tendr\u00e1 una corona digital y una montura magn\u00e9tica para anteojos<\/a>.<\/p>\n\n\n<div class=\"kk-star-ratings kksr-auto kksr-align-center kksr-valign-bottom\"\n    data-payload='{&quot;align&quot;:&quot;center&quot;,&quot;id&quot;:&quot;22289&quot;,&quot;slug&quot;:&quot;default&quot;,&quot;valign&quot;:&quot;bottom&quot;,&quot;ignore&quot;:&quot;&quot;,&quot;reference&quot;:&quot;auto&quot;,&quot;class&quot;:&quot;&quot;,&quot;count&quot;:&quot;2&quot;,&quot;legendonly&quot;:&quot;&quot;,&quot;readonly&quot;:&quot;&quot;,&quot;score&quot;:&quot;5&quot;,&quot;starsonly&quot;:&quot;&quot;,&quot;best&quot;:&quot;5&quot;,&quot;gap&quot;:&quot;5&quot;,&quot;greet&quot;:&quot;&quot;,&quot;legend&quot;:&quot;5\\\/5 - (2 votos)&quot;,&quot;size&quot;:&quot;24&quot;,&quot;title&quot;:&quot;Apple AR se anunciar\u00e1 a mediados de 2023: presentaci\u00f3n en marzo o en la WWDC&quot;,&quot;width&quot;:&quot;142.5&quot;,&quot;_legend&quot;:&quot;{score}\\\/{best} - ({count} {votes})&quot;,&quot;font_factor&quot;:&quot;1.25&quot;}'>\n            \n<div class=\"kksr-stars\">\n    \n<div class=\"kksr-stars-inactive\">\n            <div class=\"kksr-star\" data-star=\"1\" style=\"padding-right: 5px\">\n            \n\n<div class=\"kksr-icon\" style=\"width: 24px; height: 24px;\"><\/div>\n        <\/div>\n            <div class=\"kksr-star\" data-star=\"2\" style=\"padding-right: 5px\">\n            \n\n<div class=\"kksr-icon\" style=\"width: 24px; height: 24px;\"><\/div>\n        <\/div>\n            <div class=\"kksr-star\" data-star=\"3\" style=\"padding-right: 5px\">\n            \n\n<div class=\"kksr-icon\" style=\"width: 24px; height: 24px;\"><\/div>\n        <\/div>\n            <div class=\"kksr-star\" data-star=\"4\" style=\"padding-right: 5px\">\n            \n\n<div class=\"kksr-icon\" style=\"width: 24px; height: 24px;\"><\/div>\n        <\/div>\n            <div class=\"kksr-star\" data-star=\"5\" style=\"padding-right: 5px\">\n            \n\n<div class=\"kksr-icon\" style=\"width: 24px; height: 24px;\"><\/div>\n        <\/div>\n    <\/div>\n    \n<div class=\"kksr-stars-active\" style=\"width: 142.5px;\">\n            <div class=\"kksr-star\" style=\"padding-right: 5px\">\n            \n\n<div class=\"kksr-icon\" style=\"width: 24px; height: 24px;\"><\/div>\n        <\/div>\n            <div class=\"kksr-star\" style=\"padding-right: 5px\">\n            \n\n<div class=\"kksr-icon\" style=\"width: 24px; height: 24px;\"><\/div>\n        <\/div>\n            <div class=\"kksr-star\" style=\"padding-right: 5px\">\n            \n\n<div class=\"kksr-icon\" style=\"width: 24px; height: 24px;\"><\/div>\n        <\/div>\n            <div class=\"kksr-star\" style=\"padding-right: 5px\">\n            \n\n<div class=\"kksr-icon\" style=\"width: 24px; height: 24px;\"><\/div>\n        <\/div>\n            <div class=\"kksr-star\" style=\"padding-right: 5px\">\n            \n\n<div class=\"kksr-icon\" style=\"width: 24px; height: 24px;\"><\/div>\n        <\/div>\n    <\/div>\n<\/div>\n                \n\n<div class=\"kksr-legend\" style=\"font-size: 19.2px;\">\n            5\/5 - (2 votos)    <\/div>\n    <\/div>\n","protected":false},"excerpt":{"rendered":"<p>Las \u00faltimas filtraciones sobre el lanzamiento de Apple AR no presagiaban nada bueno, augurando un aplazamiento del inicio de la producci\u00f3n en masa del dispositivo entre finales del segundo y principios del tercer trimestre del a\u00f1o. A pesar de ello, un conocido analista dijo estar seguro de que Apple AR debutar\u00e1 en primavera o como [&hellip;]<\/p>\n","protected":false},"author":14,"featured_media":22290,"comment_status":"open","ping_status":"closed","sticky":false,"template":"","format":"standard","meta":{"footnotes":""},"categories":[101],"tags":[252],"class_list":["post-22289","post","type-post","status-publish","format-standard","has-post-thumbnail","hentry","category-noticias","tag-apple"],"_links":{"self":[{"href":"https:\/\/www.movilesdualsim.com\/blog\/wp-json\/wp\/v2\/posts\/22289","targetHints":{"allow":["GET"]}}],"collection":[{"href":"https:\/\/www.movilesdualsim.com\/blog\/wp-json\/wp\/v2\/posts"}],"about":[{"href":"https:\/\/www.movilesdualsim.com\/blog\/wp-json\/wp\/v2\/types\/post"}],"author":[{"embeddable":true,"href":"https:\/\/www.movilesdualsim.com\/blog\/wp-json\/wp\/v2\/users\/14"}],"replies":[{"embeddable":true,"href":"https:\/\/www.movilesdualsim.com\/blog\/wp-json\/wp\/v2\/comments?post=22289"}],"version-history":[{"count":3,"href":"https:\/\/www.movilesdualsim.com\/blog\/wp-json\/wp\/v2\/posts\/22289\/revisions"}],"predecessor-version":[{"id":22293,"href":"https:\/\/www.movilesdualsim.com\/blog\/wp-json\/wp\/v2\/posts\/22289\/revisions\/22293"}],"wp:featuredmedia":[{"embeddable":true,"href":"https:\/\/www.movilesdualsim.com\/blog\/wp-json\/wp\/v2\/media\/22290"}],"wp:attachment":[{"href":"https:\/\/www.movilesdualsim.com\/blog\/wp-json\/wp\/v2\/media?parent=22289"}],"wp:term":[{"taxonomy":"category","embeddable":true,"href":"https:\/\/www.movilesdualsim.com\/blog\/wp-json\/wp\/v2\/categories?post=22289"},{"taxonomy":"post_tag","embeddable":true,"href":"https:\/\/www.movilesdualsim.com\/blog\/wp-json\/wp\/v2\/tags?post=22289"}],"curies":[{"name":"wp","href":"https:\/\/api.w.org\/{rel}","templated":true}]}}