{"id":22379,"date":"2023-01-07T13:14:59","date_gmt":"2023-01-07T12:14:59","guid":{"rendered":"https:\/\/www.movilesdualsim.com\/blog\/?p=22379"},"modified":"2023-01-07T13:15:00","modified_gmt":"2023-01-07T12:15:00","slug":"apple-podria-aumentar-los-precios-del-iphone-15-pro-para-vender-mas-iphone-15-plus","status":"publish","type":"post","link":"https:\/\/www.movilesdualsim.com\/blog\/apple-podria-aumentar-los-precios-del-iphone-15-pro-para-vender-mas-iphone-15-plus\/","title":{"rendered":"Apple podria aumentar los precios del iPhone 15 Pro para vender m\u00e1s iPhone 15 Plus"},"content":{"rendered":"\n<p class=\"wp-block-paragraph\">Nuevos rumores sobre los iPhone 15, los smartphones que Apple deber\u00eda presentar el pr\u00f3ximo oto\u00f1o. Seg\u00fan una nueva filtraci\u00f3n publicada por LeaksApplePro, el <strong>El gigante de Cupertino podr\u00eda aumentar los precios del iPhone 15 Pro<\/strong> pero no debido al aumento de los costos de los componentes o de la mano de obra.<\/p>\n\n\n\n<p class=\"wp-block-paragraph\">Apple, m\u00e1s bien, podr\u00eda aumentar los costes de los modelos Pro de la gama iPhone 15 por <strong>impulsar las ventas de la variante Plus<\/strong> que fue el gran fracaso de la generaci\u00f3n presentada el a\u00f1o pasado.<\/p>\n\n\n\n<p class=\"wp-block-paragraph\">LeaksApplePro desmiente los rumores que dec\u00edan que Apple est\u00e1 lista para eliminar el iPhone 15 Plus de su l\u00ednea de tel\u00e9fonos inteligentes: aparecen otros rumores de que incluso en 2023 habr\u00e1 cuatro variantes de iPhone que los usuarios podr\u00e1n elegir parecen confirmarse. De hecho, dos modelos de 6,1 pulgadas y dos de 6,7 pulgadas deber\u00edan ver la luz del d\u00eda.<\/p>\n\n\n\n<p class=\"wp-block-paragraph\"><strong>El iPhone 15 Plus tendr\u00e1 el mismo precio y tama\u00f1o que el iPhone 14 Plus<\/strong>, pero lo que cambiar\u00e1 ser\u00e1 el precio de venta del iPhone 15 Pro que deber\u00eda subir para diferenciarlo a\u00fan m\u00e1s del \u00abhermano peque\u00f1o\u00bb. \u201cDe esta manera, los interesados en el iPhone 15 Pro lo seguir\u00edan comprando de todos modos y los indecisos entre Plus y Pro probablemente optar\u00e1n por el Plus\u201d es la estrategia que pretende implementar Apple seg\u00fan LeaksApplePro.<\/p>\n\n\n\n<p class=\"wp-block-paragraph\">En Espa\u00f1a los precios del iPhone 14 han crecido respecto al iPhone 13, generando bastantes pol\u00e9micas entre los usuarios.<\/p>\n\n\n<div class=\"kk-star-ratings kksr-auto kksr-align-center kksr-valign-bottom\"\n    data-payload='{&quot;align&quot;:&quot;center&quot;,&quot;id&quot;:&quot;22379&quot;,&quot;slug&quot;:&quot;default&quot;,&quot;valign&quot;:&quot;bottom&quot;,&quot;ignore&quot;:&quot;&quot;,&quot;reference&quot;:&quot;auto&quot;,&quot;class&quot;:&quot;&quot;,&quot;count&quot;:&quot;0&quot;,&quot;legendonly&quot;:&quot;&quot;,&quot;readonly&quot;:&quot;&quot;,&quot;score&quot;:&quot;0&quot;,&quot;starsonly&quot;:&quot;&quot;,&quot;best&quot;:&quot;5&quot;,&quot;gap&quot;:&quot;5&quot;,&quot;greet&quot;:&quot;&quot;,&quot;legend&quot;:&quot;0\\\/5 - (0 votos)&quot;,&quot;size&quot;:&quot;24&quot;,&quot;title&quot;:&quot;Apple podria aumentar los precios del iPhone 15 Pro para vender m\u00e1s iPhone 15 Plus&quot;,&quot;width&quot;:&quot;0&quot;,&quot;_legend&quot;:&quot;{score}\\\/{best} - ({count} {votes})&quot;,&quot;font_factor&quot;:&quot;1.25&quot;}'>\n            \n<div class=\"kksr-stars\">\n    \n<div class=\"kksr-stars-inactive\">\n            <div class=\"kksr-star\" data-star=\"1\" style=\"padding-right: 5px\">\n            \n\n<div class=\"kksr-icon\" style=\"width: 24px; height: 24px;\"><\/div>\n        <\/div>\n            <div class=\"kksr-star\" data-star=\"2\" style=\"padding-right: 5px\">\n            \n\n<div class=\"kksr-icon\" style=\"width: 24px; height: 24px;\"><\/div>\n        <\/div>\n            <div class=\"kksr-star\" data-star=\"3\" style=\"padding-right: 5px\">\n            \n\n<div class=\"kksr-icon\" style=\"width: 24px; height: 24px;\"><\/div>\n        <\/div>\n            <div class=\"kksr-star\" data-star=\"4\" style=\"padding-right: 5px\">\n            \n\n<div class=\"kksr-icon\" style=\"width: 24px; height: 24px;\"><\/div>\n        <\/div>\n            <div class=\"kksr-star\" data-star=\"5\" style=\"padding-right: 5px\">\n            \n\n<div class=\"kksr-icon\" style=\"width: 24px; height: 24px;\"><\/div>\n        <\/div>\n    <\/div>\n    \n<div class=\"kksr-stars-active\" style=\"width: 0px;\">\n            <div class=\"kksr-star\" style=\"padding-right: 5px\">\n            \n\n<div class=\"kksr-icon\" style=\"width: 24px; height: 24px;\"><\/div>\n        <\/div>\n            <div class=\"kksr-star\" style=\"padding-right: 5px\">\n            \n\n<div class=\"kksr-icon\" style=\"width: 24px; height: 24px;\"><\/div>\n        <\/div>\n            <div class=\"kksr-star\" style=\"padding-right: 5px\">\n            \n\n<div class=\"kksr-icon\" style=\"width: 24px; height: 24px;\"><\/div>\n        <\/div>\n            <div class=\"kksr-star\" style=\"padding-right: 5px\">\n            \n\n<div class=\"kksr-icon\" style=\"width: 24px; height: 24px;\"><\/div>\n        <\/div>\n            <div class=\"kksr-star\" style=\"padding-right: 5px\">\n            \n\n<div class=\"kksr-icon\" style=\"width: 24px; height: 24px;\"><\/div>\n        <\/div>\n    <\/div>\n<\/div>\n                \n\n<div class=\"kksr-legend\" style=\"font-size: 19.2px;\">\n            <span class=\"kksr-muted\"><\/span>\n    <\/div>\n    <\/div>\n","protected":false},"excerpt":{"rendered":"<p>Nuevos rumores sobre los iPhone 15, los smartphones que Apple deber\u00eda presentar el pr\u00f3ximo oto\u00f1o. Seg\u00fan una nueva filtraci\u00f3n publicada por LeaksApplePro, el El gigante de Cupertino podr\u00eda aumentar los precios del iPhone 15 Pro pero no debido al aumento de los costos de los componentes o de la mano de obra. Apple, m\u00e1s bien, [&hellip;]<\/p>\n","protected":false},"author":14,"featured_media":22380,"comment_status":"open","ping_status":"closed","sticky":false,"template":"","format":"standard","meta":{"footnotes":""},"categories":[101],"tags":[252],"class_list":["post-22379","post","type-post","status-publish","format-standard","has-post-thumbnail","hentry","category-noticias","tag-apple"],"_links":{"self":[{"href":"https:\/\/www.movilesdualsim.com\/blog\/wp-json\/wp\/v2\/posts\/22379","targetHints":{"allow":["GET"]}}],"collection":[{"href":"https:\/\/www.movilesdualsim.com\/blog\/wp-json\/wp\/v2\/posts"}],"about":[{"href":"https:\/\/www.movilesdualsim.com\/blog\/wp-json\/wp\/v2\/types\/post"}],"author":[{"embeddable":true,"href":"https:\/\/www.movilesdualsim.com\/blog\/wp-json\/wp\/v2\/users\/14"}],"replies":[{"embeddable":true,"href":"https:\/\/www.movilesdualsim.com\/blog\/wp-json\/wp\/v2\/comments?post=22379"}],"version-history":[{"count":2,"href":"https:\/\/www.movilesdualsim.com\/blog\/wp-json\/wp\/v2\/posts\/22379\/revisions"}],"predecessor-version":[{"id":22383,"href":"https:\/\/www.movilesdualsim.com\/blog\/wp-json\/wp\/v2\/posts\/22379\/revisions\/22383"}],"wp:featuredmedia":[{"embeddable":true,"href":"https:\/\/www.movilesdualsim.com\/blog\/wp-json\/wp\/v2\/media\/22380"}],"wp:attachment":[{"href":"https:\/\/www.movilesdualsim.com\/blog\/wp-json\/wp\/v2\/media?parent=22379"}],"wp:term":[{"taxonomy":"category","embeddable":true,"href":"https:\/\/www.movilesdualsim.com\/blog\/wp-json\/wp\/v2\/categories?post=22379"},{"taxonomy":"post_tag","embeddable":true,"href":"https:\/\/www.movilesdualsim.com\/blog\/wp-json\/wp\/v2\/tags?post=22379"}],"curies":[{"name":"wp","href":"https:\/\/api.w.org\/{rel}","templated":true}]}}