{"id":22439,"date":"2023-01-08T07:15:57","date_gmt":"2023-01-08T06:15:57","guid":{"rendered":"https:\/\/www.movilesdualsim.com\/blog\/?p=22439"},"modified":"2023-01-08T19:03:04","modified_gmt":"2023-01-08T18:03:04","slug":"galaxy-s23-sensacional-filtracion-de-samsung-fecha-del-unpacked-revelada-por-error","status":"publish","type":"post","link":"https:\/\/www.movilesdualsim.com\/blog\/galaxy-s23-sensacional-filtracion-de-samsung-fecha-del-unpacked-revelada-por-error\/","title":{"rendered":"Galaxy S23, sensacional filtraci\u00f3n de Samsung: fecha del Unpacked revelada por error"},"content":{"rendered":"\n<p class=\"wp-block-paragraph\">El rumor sobre la fecha de lanzamiento del Samsung Galaxy S23 era cierto. El sitio web de Samsung Colombia <strong>revel\u00f3 por error la fecha del Galaxy Unpacked de febrero <\/strong>anticip\u00e1ndose a todas las dem\u00e1s divisiones internacionales del gigante surcoreano: durante el evento, la compa\u00f1\u00eda presentar\u00e1 sus nuevos smartphones de gama alta.<\/p>\n\n\n\n<p class=\"wp-block-paragraph\">Por ello, Samsung Colombia ha confirmado que el pr\u00f3ximo <strong>Galaxy Unpacked se llevar\u00e1 a cabo el 1 de febrero<\/strong> en poco menos de un mes. Parece que el anuncio de la secci\u00f3n sudamericana del gigante de Suwon lleg\u00f3 por error, poniendo en l\u00ednea demasiado pronto la p\u00e1gina web dedicada al evento de presentaci\u00f3n del Samsung Galaxy S23.<\/p>\n\n\n\n<p class=\"wp-block-paragraph\">La imagen teaser oficial lanzada por la compa\u00f1\u00eda no dice mucho sobre la nueva generaci\u00f3n de tel\u00e9fonos de primera l\u00ednea en la l\u00ednea Galaxy S, pero a\u00fan muestra lo como luce el bloque de c\u00e1maras del Samsung Galaxy S23 y S23+ que deber\u00eda tener un dise\u00f1o ligeramente diferente al del S22 de \u00faltima generaci\u00f3n, manteniendo separadas las tres lentes de la c\u00e1mara principal, el ultra gran angular y el teleobjetivo.<\/p>\n\n\n\n<p class=\"wp-block-paragraph\">Adem\u00e1s, en las gr\u00e1ficas difundidas por Samsung Colombia podemos ver algunos <strong>hojas y algunas flores lilas en la esquina<\/strong>. En este caso, se tratar\u00eda de referencias a los cuatro colores del Samsung Galaxy S23, que adem\u00e1s del negro y el beige tambi\u00e9n incluir\u00e1n un tinte verde oscuro denominado \u201cBotanic Green\u201d y un rosa claro, denominado \u201cMystic Lilac\u201d.<\/p>\n\n\n\n<p class=\"wp-block-paragraph\">En cualquier caso, le recordamos que el <strong>El lanzamiento del Galaxy S23 tendr\u00e1 lugar a finales de febrero<\/strong>, al menos tres semanas despu\u00e9s de su presentaci\u00f3n. Con el evento de anuncio de los tres tel\u00e9fonos inteligentes programado para el 1 de febrero y la apertura de pedidos anticipados en las siguientes horas, es posible que las ventas de los dispositivos comiencen alrededor del 20 de febrero.<\/p>\n\n\n<div class=\"kk-star-ratings kksr-auto kksr-align-center kksr-valign-bottom\"\n    data-payload='{&quot;align&quot;:&quot;center&quot;,&quot;id&quot;:&quot;22439&quot;,&quot;slug&quot;:&quot;default&quot;,&quot;valign&quot;:&quot;bottom&quot;,&quot;ignore&quot;:&quot;&quot;,&quot;reference&quot;:&quot;auto&quot;,&quot;class&quot;:&quot;&quot;,&quot;count&quot;:&quot;3&quot;,&quot;legendonly&quot;:&quot;&quot;,&quot;readonly&quot;:&quot;&quot;,&quot;score&quot;:&quot;5&quot;,&quot;starsonly&quot;:&quot;&quot;,&quot;best&quot;:&quot;5&quot;,&quot;gap&quot;:&quot;5&quot;,&quot;greet&quot;:&quot;&quot;,&quot;legend&quot;:&quot;5\\\/5 - (3 votos)&quot;,&quot;size&quot;:&quot;24&quot;,&quot;title&quot;:&quot;Galaxy S23, sensacional filtraci\u00f3n de Samsung: fecha del Unpacked revelada por error&quot;,&quot;width&quot;:&quot;142.5&quot;,&quot;_legend&quot;:&quot;{score}\\\/{best} - ({count} {votes})&quot;,&quot;font_factor&quot;:&quot;1.25&quot;}'>\n            \n<div class=\"kksr-stars\">\n    \n<div class=\"kksr-stars-inactive\">\n            <div class=\"kksr-star\" data-star=\"1\" style=\"padding-right: 5px\">\n            \n\n<div class=\"kksr-icon\" style=\"width: 24px; height: 24px;\"><\/div>\n        <\/div>\n            <div class=\"kksr-star\" data-star=\"2\" style=\"padding-right: 5px\">\n            \n\n<div class=\"kksr-icon\" style=\"width: 24px; height: 24px;\"><\/div>\n        <\/div>\n            <div class=\"kksr-star\" data-star=\"3\" style=\"padding-right: 5px\">\n            \n\n<div class=\"kksr-icon\" style=\"width: 24px; height: 24px;\"><\/div>\n        <\/div>\n            <div class=\"kksr-star\" data-star=\"4\" style=\"padding-right: 5px\">\n            \n\n<div class=\"kksr-icon\" style=\"width: 24px; height: 24px;\"><\/div>\n        <\/div>\n            <div class=\"kksr-star\" data-star=\"5\" style=\"padding-right: 5px\">\n            \n\n<div class=\"kksr-icon\" style=\"width: 24px; height: 24px;\"><\/div>\n        <\/div>\n    <\/div>\n    \n<div class=\"kksr-stars-active\" style=\"width: 142.5px;\">\n            <div class=\"kksr-star\" style=\"padding-right: 5px\">\n            \n\n<div class=\"kksr-icon\" style=\"width: 24px; height: 24px;\"><\/div>\n        <\/div>\n            <div class=\"kksr-star\" style=\"padding-right: 5px\">\n            \n\n<div class=\"kksr-icon\" style=\"width: 24px; height: 24px;\"><\/div>\n        <\/div>\n            <div class=\"kksr-star\" style=\"padding-right: 5px\">\n            \n\n<div class=\"kksr-icon\" style=\"width: 24px; height: 24px;\"><\/div>\n        <\/div>\n            <div class=\"kksr-star\" style=\"padding-right: 5px\">\n            \n\n<div class=\"kksr-icon\" style=\"width: 24px; height: 24px;\"><\/div>\n        <\/div>\n            <div class=\"kksr-star\" style=\"padding-right: 5px\">\n            \n\n<div class=\"kksr-icon\" style=\"width: 24px; height: 24px;\"><\/div>\n        <\/div>\n    <\/div>\n<\/div>\n                \n\n<div class=\"kksr-legend\" style=\"font-size: 19.2px;\">\n            5\/5 - (3 votos)    <\/div>\n    <\/div>\n","protected":false},"excerpt":{"rendered":"<p>El rumor sobre la fecha de lanzamiento del Samsung Galaxy S23 era cierto. El sitio web de Samsung Colombia revel\u00f3 por error la fecha del Galaxy Unpacked de febrero anticip\u00e1ndose a todas las dem\u00e1s divisiones internacionales del gigante surcoreano: durante el evento, la compa\u00f1\u00eda presentar\u00e1 sus nuevos smartphones de gama alta. Por ello, Samsung Colombia [&hellip;]<\/p>\n","protected":false},"author":14,"featured_media":22440,"comment_status":"open","ping_status":"closed","sticky":false,"template":"","format":"standard","meta":{"footnotes":""},"categories":[101,125],"tags":[982],"class_list":["post-22439","post","type-post","status-publish","format-standard","has-post-thumbnail","hentry","category-noticias","category-samsung","tag-samsung-2"],"_links":{"self":[{"href":"https:\/\/www.movilesdualsim.com\/blog\/wp-json\/wp\/v2\/posts\/22439","targetHints":{"allow":["GET"]}}],"collection":[{"href":"https:\/\/www.movilesdualsim.com\/blog\/wp-json\/wp\/v2\/posts"}],"about":[{"href":"https:\/\/www.movilesdualsim.com\/blog\/wp-json\/wp\/v2\/types\/post"}],"author":[{"embeddable":true,"href":"https:\/\/www.movilesdualsim.com\/blog\/wp-json\/wp\/v2\/users\/14"}],"replies":[{"embeddable":true,"href":"https:\/\/www.movilesdualsim.com\/blog\/wp-json\/wp\/v2\/comments?post=22439"}],"version-history":[{"count":2,"href":"https:\/\/www.movilesdualsim.com\/blog\/wp-json\/wp\/v2\/posts\/22439\/revisions"}],"predecessor-version":[{"id":22443,"href":"https:\/\/www.movilesdualsim.com\/blog\/wp-json\/wp\/v2\/posts\/22439\/revisions\/22443"}],"wp:featuredmedia":[{"embeddable":true,"href":"https:\/\/www.movilesdualsim.com\/blog\/wp-json\/wp\/v2\/media\/22440"}],"wp:attachment":[{"href":"https:\/\/www.movilesdualsim.com\/blog\/wp-json\/wp\/v2\/media?parent=22439"}],"wp:term":[{"taxonomy":"category","embeddable":true,"href":"https:\/\/www.movilesdualsim.com\/blog\/wp-json\/wp\/v2\/categories?post=22439"},{"taxonomy":"post_tag","embeddable":true,"href":"https:\/\/www.movilesdualsim.com\/blog\/wp-json\/wp\/v2\/tags?post=22439"}],"curies":[{"name":"wp","href":"https:\/\/api.w.org\/{rel}","templated":true}]}}