{"id":27543,"date":"2023-08-01T12:15:11","date_gmt":"2023-08-01T11:15:11","guid":{"rendered":"https:\/\/www.movilesdualsim.com\/blog\/?p=27543"},"modified":"2023-08-01T12:15:12","modified_gmt":"2023-08-01T11:15:12","slug":"el-samsung-galaxy-z-fold5-podria-haber-incluido-un-s-pen","status":"publish","type":"post","link":"https:\/\/www.movilesdualsim.com\/blog\/el-samsung-galaxy-z-fold5-podria-haber-incluido-un-s-pen\/","title":{"rendered":"El Samsung Galaxy Z Fold5 podr\u00eda haber incluido un S Pen"},"content":{"rendered":"\n<p class=\"wp-block-paragraph\"><strong>El nuevo modelo Samsung Galaxy Z Fold5 podr\u00eda haber incluido un S Pen integrado en su dise\u00f1o<\/strong>. No estamos hablando del S Pen que se puede insertar en una funda opcional, sino uno <strong>integrado en el marco del tel\u00e9fono plegable<\/strong> m\u00e1s grande y productivo de Samsung.<\/p>\n\n\n\n<h2 class=\"wp-block-heading\">Consideraciones de dise\u00f1o para el S Pen<\/h2>\n\n\n\n<p class=\"wp-block-paragraph\">Esto no es una simple especulaci\u00f3n. El equipo de dise\u00f1o de Samsung contempl\u00f3 seriamente esta opci\u00f3n, llegando incluso a crear un <strong>prototipo de aluminio con el S Pen incorporado<\/strong>. Sin embargo, finalmente, Samsung decidi\u00f3 seguir una direcci\u00f3n diferente.<\/p>\n\n\n\n<p class=\"wp-block-paragraph\">El responsable de esta decisi\u00f3n es el jefe de dise\u00f1o de m\u00f3viles plegables de Samsung, Tae-joong Kim, conocido tambi\u00e9n como \u00abEl Maestro\u00bb por sus colegas. Kim, quien ha trabajado en todos los smartphones de Samsung desde el a\u00f1o 2000, asegura que la creaci\u00f3n de nuevos tel\u00e9fonos plegables est\u00e1 influenciada por una amplia variedad de factores.<\/p>\n\n\n\n<figure class=\"wp-block-image size-full\"><img loading=\"lazy\" decoding=\"async\" width=\"1200\" height=\"675\" src=\"https:\/\/www.movilesdualsim.com\/blog\/wp-content\/uploads\/El-Samsung-Galaxy-Z-Fold5-podria-haber-incluido-un-S-Pen-2.jpg\" alt=\"\" class=\"wp-image-27547\" srcset=\"https:\/\/www.movilesdualsim.com\/blog\/wp-content\/uploads\/El-Samsung-Galaxy-Z-Fold5-podria-haber-incluido-un-S-Pen-2.jpg 1200w, https:\/\/www.movilesdualsim.com\/blog\/wp-content\/uploads\/El-Samsung-Galaxy-Z-Fold5-podria-haber-incluido-un-S-Pen-2-300x169.jpg 300w, https:\/\/www.movilesdualsim.com\/blog\/wp-content\/uploads\/El-Samsung-Galaxy-Z-Fold5-podria-haber-incluido-un-S-Pen-2-768x432.jpg 768w\" sizes=\"auto, (max-width: 1200px) 100vw, 1200px\" \/><\/figure>\n\n\n\n<h2 class=\"wp-block-heading\">La integraci\u00f3n del S Pen en el Galaxy S23 Ultra<\/h2>\n\n\n\n<p class=\"wp-block-paragraph\">Si observamos el Galaxy S23 Ultra, sabemos que <strong>Samsung tiene la capacidad de integrar el l\u00e1piz en el cuerpo de un smartphone sin que este sea demasiado grueso<\/strong>. No obstante, cuando se le pregunt\u00f3 al respecto, <strong>Tae-joong Kim se\u00f1al\u00f3 que no es tan simple como parece<\/strong>. \u00ab<em>Hay mucho que tener en cuenta. No se puede meter un S Pen sin m\u00e1s. Si introduces un S Pen, hay otras implicaciones econ\u00f3micas. Por ahora, hemos decidido no incluir el S Pen en el Fold<\/em>\u00ab, explic\u00f3.<\/p>\n\n\n\n<h2 class=\"wp-block-heading\">Las consecuencias de incluir un S Pen en el cuerpo del Galaxy Fold 5<\/h2>\n\n\n\n<p class=\"wp-block-paragraph\">Estas consecuencias podr\u00edan incluir un <strong>incremento en el peso y el grosor del dispositivo<\/strong>, y, especialmente, <strong>una reducci\u00f3n en la duraci\u00f3n de la bater\u00eda<\/strong>. Todo cambiar\u00eda con un S Pen metido en el cuerpo del tel\u00e9fono. Este podr\u00eda volverse m\u00e1s grueso, un poco m\u00e1s pesado y, sin duda, perder\u00eda algo de capacidad de bater\u00eda.<\/p>\n\n\n\n<p class=\"wp-block-paragraph\"><strong>Esta \u00faltima cuesti\u00f3n es especialmente preocupante dado que el actual Z Fold 5 tiene la misma capacidad y duraci\u00f3n de bater\u00eda que el modelo anterior<\/strong>. Realmente no puede permitirse perder unas horas de rendimiento debido a un S Pen integrado.<\/p>\n\n\n\n<p class=\"wp-block-paragraph\">Como se\u00f1al\u00f3 Won-Joon Choi, EVP de Samsung y jefe de la oficina de I+D, <strong>cuando se desarrollan estos productos, \u00abcada mil\u00edmetro cuenta, cada gramo importa\u00bb<\/strong>.<\/p>\n\n\n<div class=\"kk-star-ratings kksr-auto kksr-align-center kksr-valign-bottom\"\n    data-payload='{&quot;align&quot;:&quot;center&quot;,&quot;id&quot;:&quot;27543&quot;,&quot;slug&quot;:&quot;default&quot;,&quot;valign&quot;:&quot;bottom&quot;,&quot;ignore&quot;:&quot;&quot;,&quot;reference&quot;:&quot;auto&quot;,&quot;class&quot;:&quot;&quot;,&quot;count&quot;:&quot;1&quot;,&quot;legendonly&quot;:&quot;&quot;,&quot;readonly&quot;:&quot;&quot;,&quot;score&quot;:&quot;5&quot;,&quot;starsonly&quot;:&quot;&quot;,&quot;best&quot;:&quot;5&quot;,&quot;gap&quot;:&quot;5&quot;,&quot;greet&quot;:&quot;&quot;,&quot;legend&quot;:&quot;5\\\/5 - (1 voto)&quot;,&quot;size&quot;:&quot;24&quot;,&quot;title&quot;:&quot;El Samsung Galaxy Z Fold5 podr\u00eda haber incluido un S Pen&quot;,&quot;width&quot;:&quot;142.5&quot;,&quot;_legend&quot;:&quot;{score}\\\/{best} - ({count} {votes})&quot;,&quot;font_factor&quot;:&quot;1.25&quot;}'>\n            \n<div class=\"kksr-stars\">\n    \n<div class=\"kksr-stars-inactive\">\n            <div class=\"kksr-star\" data-star=\"1\" style=\"padding-right: 5px\">\n            \n\n<div class=\"kksr-icon\" style=\"width: 24px; height: 24px;\"><\/div>\n        <\/div>\n            <div class=\"kksr-star\" data-star=\"2\" style=\"padding-right: 5px\">\n            \n\n<div class=\"kksr-icon\" style=\"width: 24px; height: 24px;\"><\/div>\n        <\/div>\n            <div class=\"kksr-star\" data-star=\"3\" style=\"padding-right: 5px\">\n            \n\n<div class=\"kksr-icon\" style=\"width: 24px; height: 24px;\"><\/div>\n        <\/div>\n            <div class=\"kksr-star\" data-star=\"4\" style=\"padding-right: 5px\">\n            \n\n<div class=\"kksr-icon\" style=\"width: 24px; height: 24px;\"><\/div>\n        <\/div>\n            <div class=\"kksr-star\" data-star=\"5\" style=\"padding-right: 5px\">\n            \n\n<div class=\"kksr-icon\" style=\"width: 24px; height: 24px;\"><\/div>\n        <\/div>\n    <\/div>\n    \n<div class=\"kksr-stars-active\" style=\"width: 142.5px;\">\n            <div class=\"kksr-star\" style=\"padding-right: 5px\">\n            \n\n<div class=\"kksr-icon\" style=\"width: 24px; height: 24px;\"><\/div>\n        <\/div>\n            <div class=\"kksr-star\" style=\"padding-right: 5px\">\n            \n\n<div class=\"kksr-icon\" style=\"width: 24px; height: 24px;\"><\/div>\n        <\/div>\n            <div class=\"kksr-star\" style=\"padding-right: 5px\">\n            \n\n<div class=\"kksr-icon\" style=\"width: 24px; height: 24px;\"><\/div>\n        <\/div>\n            <div class=\"kksr-star\" style=\"padding-right: 5px\">\n            \n\n<div class=\"kksr-icon\" style=\"width: 24px; height: 24px;\"><\/div>\n        <\/div>\n            <div class=\"kksr-star\" style=\"padding-right: 5px\">\n            \n\n<div class=\"kksr-icon\" style=\"width: 24px; height: 24px;\"><\/div>\n        <\/div>\n    <\/div>\n<\/div>\n                \n\n<div class=\"kksr-legend\" style=\"font-size: 19.2px;\">\n            5\/5 - (1 voto)    <\/div>\n    <\/div>\n","protected":false},"excerpt":{"rendered":"<p>El nuevo modelo Samsung Galaxy Z Fold5 podr\u00eda haber incluido un S Pen integrado en su dise\u00f1o. No estamos hablando del S Pen que se puede insertar en una funda opcional, sino uno integrado en el marco del tel\u00e9fono plegable m\u00e1s grande y productivo de Samsung. Consideraciones de dise\u00f1o para el S Pen Esto no [&hellip;]<\/p>\n","protected":false},"author":32,"featured_media":27548,"comment_status":"open","ping_status":"closed","sticky":false,"template":"","format":"standard","meta":{"footnotes":""},"categories":[101,125],"tags":[],"class_list":["post-27543","post","type-post","status-publish","format-standard","has-post-thumbnail","hentry","category-noticias","category-samsung"],"_links":{"self":[{"href":"https:\/\/www.movilesdualsim.com\/blog\/wp-json\/wp\/v2\/posts\/27543","targetHints":{"allow":["GET"]}}],"collection":[{"href":"https:\/\/www.movilesdualsim.com\/blog\/wp-json\/wp\/v2\/posts"}],"about":[{"href":"https:\/\/www.movilesdualsim.com\/blog\/wp-json\/wp\/v2\/types\/post"}],"author":[{"embeddable":true,"href":"https:\/\/www.movilesdualsim.com\/blog\/wp-json\/wp\/v2\/users\/32"}],"replies":[{"embeddable":true,"href":"https:\/\/www.movilesdualsim.com\/blog\/wp-json\/wp\/v2\/comments?post=27543"}],"version-history":[{"count":2,"href":"https:\/\/www.movilesdualsim.com\/blog\/wp-json\/wp\/v2\/posts\/27543\/revisions"}],"predecessor-version":[{"id":27549,"href":"https:\/\/www.movilesdualsim.com\/blog\/wp-json\/wp\/v2\/posts\/27543\/revisions\/27549"}],"wp:featuredmedia":[{"embeddable":true,"href":"https:\/\/www.movilesdualsim.com\/blog\/wp-json\/wp\/v2\/media\/27548"}],"wp:attachment":[{"href":"https:\/\/www.movilesdualsim.com\/blog\/wp-json\/wp\/v2\/media?parent=27543"}],"wp:term":[{"taxonomy":"category","embeddable":true,"href":"https:\/\/www.movilesdualsim.com\/blog\/wp-json\/wp\/v2\/categories?post=27543"},{"taxonomy":"post_tag","embeddable":true,"href":"https:\/\/www.movilesdualsim.com\/blog\/wp-json\/wp\/v2\/tags?post=27543"}],"curies":[{"name":"wp","href":"https:\/\/api.w.org\/{rel}","templated":true}]}}