{"id":28964,"date":"2023-08-24T12:49:51","date_gmt":"2023-08-24T11:49:51","guid":{"rendered":"https:\/\/www.movilesdualsim.com\/blog\/?p=28964"},"modified":"2023-08-24T12:49:58","modified_gmt":"2023-08-24T11:49:58","slug":"nuevas-camaras-alpha-de-sony-lanzamiento-mundial-el-29-de-agosto","status":"publish","type":"post","link":"https:\/\/www.movilesdualsim.com\/blog\/nuevas-camaras-alpha-de-sony-lanzamiento-mundial-el-29-de-agosto\/","title":{"rendered":"Nuevas c\u00e1maras Alpha de Sony: lanzamiento mundial el 29 de agosto"},"content":{"rendered":"\n<h2 class=\"wp-block-heading\">Sony India anuncia el lanzamiento global de su nueva l\u00ednea de c\u00e1maras Alpha para el 29 de agosto<\/h2>\n\n\n\n<p class=\"wp-block-paragraph\">Sony India tiene un evento a celebrarse el pr\u00f3ximo 29 de agosto a las 7:30 PM IST horas, donde dar\u00e1 a conocer una l\u00ednea de nuevas c\u00e1maras. Si bien, la compa\u00f1\u00eda no ha dado detalles de los modelos espec\u00edficos a presentar se espera dos, entre otras novedades, a saber, <strong>Sony Alpha 7C II<\/strong> y la <strong>Sony Alpha 7C R<\/strong>.<\/p>\n\n\n\n<figure class=\"wp-block-embed is-type-rich is-provider-twitter wp-block-embed-twitter\"><div class=\"wp-block-embed__wrapper\">\n<blockquote class=\"twitter-tweet\" data-width=\"500\" data-dnt=\"true\"><p lang=\"en\" dir=\"ltr\">There&#39;s something really exciting coming up!<br>Get ready for the new edition in our camera range on 29th August. Stay tuned to find out more. \ud83d\udc40\ud83d\udcf8<a href=\"https:\/\/twitter.com\/hashtag\/CreateWithSony?src=hash&amp;ref_src=twsrc%5Etfw\">#CreateWithSony<\/a><br>Watch Now: <a href=\"https:\/\/t.co\/az4HAQ8wTL\">https:\/\/t.co\/az4HAQ8wTL<\/a> <a href=\"https:\/\/t.co\/bxmk0YcJrw\">pic.twitter.com\/bxmk0YcJrw<\/a><\/p>&mdash; Sony India (@sony_india) <a href=\"https:\/\/twitter.com\/sony_india\/status\/1693988895765999826?ref_src=twsrc%5Etfw\">August 22, 2023<\/a><\/blockquote><script async src=\"https:\/\/platform.twitter.com\/widgets.js\" charset=\"utf-8\"><\/script>\n<\/div><\/figure>\n\n\n\n<h2 class=\"wp-block-heading\">Sony Alpha 7C II: mejoras potenciales para cautivar a los fot\u00f3grafos<\/h2>\n\n\n\n<p class=\"wp-block-paragraph\">La <strong>Alpha 7C II<\/strong>, considerada la sucesora de la popular Alpha 7C, cuenta con mejoras potenciales que prometen cautivar a los amantes de la fotograf\u00eda. Esta incluye un impresionante <strong>sensor fullframe de 33 megap\u00edxeles<\/strong>, junto con capacidades de <strong>video 4K 60P<\/strong>. Tambi\u00e9n se espera que la c\u00e1mara venga con un enfoque autom\u00e1tico m\u00e1s n\u00edtido, una sola ranura para tarjeta SD y un puerto micro HDMI, todo en un dise\u00f1o compacto que convirti\u00f3 a su predecesor en uno de los favoritos.<\/p>\n\n\n\n<figure class=\"wp-block-image aligncenter\"><img decoding=\"async\" src=\"https:\/\/www.movilesdualsim.com\/blog\/wp-content\/uploads\/Lanzamiento-mundial-de-las-nuevas-camaras-Alpha-de-Sony-\u00a1Descubrelas.jpg\" alt=\"\" class=\"wp-image-124550\"\/><\/figure>\n\n\n\n<h2 class=\"wp-block-heading\">Sony Alpha 7C R: caracter\u00edsticas impresionantes para los usuarios m\u00e1s exigentes<\/h2>\n\n\n\n<p class=\"wp-block-paragraph\">En cuanto a la Sony Alpha 7C R, esta vendr\u00e1 con caracter\u00edsticas impresionantes. Empecemos por el <strong>sensor fullframe de 61 megap\u00edxeles<\/strong>. Junto con su capacidad de alta resoluci\u00f3n, est\u00e1 preparado para admitir grabaciones de <strong>video 4K 60P<\/strong>. Otra caracter\u00edstica interesante. Adem\u00e1s, la c\u00e1mara puede presentar <strong>integraciones innovadoras de IA<\/strong>, que prometen capturas m\u00e1s inteligentes y una experiencia fotogr\u00e1fica enriquecida. Las caracter\u00edsticas esenciales, como una sola ranura para tarjeta SD, un micro HDMI y una pantalla mejorada, tambi\u00e9n estar\u00e1n incluidas.<\/p>\n\n\n\n<h2 class=\"wp-block-heading\">Nuevas posibilidades creativas con el objetivo 16-35 mm f\/2,8GM II<\/h2>\n\n\n\n<p class=\"wp-block-paragraph\">Los entusiastas de las lentes tambi\u00e9n tendr\u00e1n motivos para alegrarse, ya que se espera una posible incorporaci\u00f3n a la l\u00ednea de Sony del objetivo <strong>16-35 mm f\/2,8GM II<\/strong>, que ampl\u00eda las posibilidades creativas a un nuevo nivel. Ya hablando de los precios, las filtraciones preliminares apuntan a un precio de unos 2300 \u20ac para la Sony Alpha 7C II y el objetivo mencionado.<\/p>\n\n\n\n<p class=\"wp-block-paragraph\"><em>\u00bfQu\u00e9 opinas de las caracter\u00edsticas que pueden traer las nuevas c\u00e1maras Sony Alpha?<\/em><\/p>\n\n\n<div class=\"kk-star-ratings kksr-auto kksr-align-center kksr-valign-bottom\"\n    data-payload='{&quot;align&quot;:&quot;center&quot;,&quot;id&quot;:&quot;28964&quot;,&quot;slug&quot;:&quot;default&quot;,&quot;valign&quot;:&quot;bottom&quot;,&quot;ignore&quot;:&quot;&quot;,&quot;reference&quot;:&quot;auto&quot;,&quot;class&quot;:&quot;&quot;,&quot;count&quot;:&quot;0&quot;,&quot;legendonly&quot;:&quot;&quot;,&quot;readonly&quot;:&quot;&quot;,&quot;score&quot;:&quot;0&quot;,&quot;starsonly&quot;:&quot;&quot;,&quot;best&quot;:&quot;5&quot;,&quot;gap&quot;:&quot;5&quot;,&quot;greet&quot;:&quot;&quot;,&quot;legend&quot;:&quot;0\\\/5 - (0 votos)&quot;,&quot;size&quot;:&quot;24&quot;,&quot;title&quot;:&quot;Nuevas c\u00e1maras Alpha de Sony: lanzamiento mundial el 29 de agosto&quot;,&quot;width&quot;:&quot;0&quot;,&quot;_legend&quot;:&quot;{score}\\\/{best} - ({count} {votes})&quot;,&quot;font_factor&quot;:&quot;1.25&quot;}'>\n            \n<div class=\"kksr-stars\">\n    \n<div class=\"kksr-stars-inactive\">\n            <div class=\"kksr-star\" data-star=\"1\" style=\"padding-right: 5px\">\n            \n\n<div class=\"kksr-icon\" style=\"width: 24px; height: 24px;\"><\/div>\n        <\/div>\n            <div class=\"kksr-star\" data-star=\"2\" style=\"padding-right: 5px\">\n            \n\n<div class=\"kksr-icon\" style=\"width: 24px; height: 24px;\"><\/div>\n        <\/div>\n            <div class=\"kksr-star\" data-star=\"3\" style=\"padding-right: 5px\">\n            \n\n<div class=\"kksr-icon\" style=\"width: 24px; height: 24px;\"><\/div>\n        <\/div>\n            <div class=\"kksr-star\" data-star=\"4\" style=\"padding-right: 5px\">\n            \n\n<div class=\"kksr-icon\" style=\"width: 24px; height: 24px;\"><\/div>\n        <\/div>\n            <div class=\"kksr-star\" data-star=\"5\" style=\"padding-right: 5px\">\n            \n\n<div class=\"kksr-icon\" style=\"width: 24px; height: 24px;\"><\/div>\n        <\/div>\n    <\/div>\n    \n<div class=\"kksr-stars-active\" style=\"width: 0px;\">\n            <div class=\"kksr-star\" style=\"padding-right: 5px\">\n            \n\n<div class=\"kksr-icon\" style=\"width: 24px; height: 24px;\"><\/div>\n        <\/div>\n            <div class=\"kksr-star\" style=\"padding-right: 5px\">\n            \n\n<div class=\"kksr-icon\" style=\"width: 24px; height: 24px;\"><\/div>\n        <\/div>\n            <div class=\"kksr-star\" style=\"padding-right: 5px\">\n            \n\n<div class=\"kksr-icon\" style=\"width: 24px; height: 24px;\"><\/div>\n        <\/div>\n            <div class=\"kksr-star\" style=\"padding-right: 5px\">\n            \n\n<div class=\"kksr-icon\" style=\"width: 24px; height: 24px;\"><\/div>\n        <\/div>\n            <div class=\"kksr-star\" style=\"padding-right: 5px\">\n            \n\n<div class=\"kksr-icon\" style=\"width: 24px; height: 24px;\"><\/div>\n        <\/div>\n    <\/div>\n<\/div>\n                \n\n<div class=\"kksr-legend\" style=\"font-size: 19.2px;\">\n            <span class=\"kksr-muted\"><\/span>\n    <\/div>\n    <\/div>\n","protected":false},"excerpt":{"rendered":"<p>Sony India anuncia el lanzamiento global de su nueva l\u00ednea de c\u00e1maras Alpha para el 29 de agosto Sony India tiene un evento a celebrarse el pr\u00f3ximo 29 de agosto a las 7:30 PM IST horas, donde dar\u00e1 a conocer una l\u00ednea de nuevas c\u00e1maras. Si bien, la compa\u00f1\u00eda no ha dado detalles de los [&hellip;]<\/p>\n","protected":false},"author":32,"featured_media":28965,"comment_status":"open","ping_status":"closed","sticky":false,"template":"","format":"standard","meta":{"footnotes":""},"categories":[101],"tags":[],"class_list":["post-28964","post","type-post","status-publish","format-standard","has-post-thumbnail","hentry","category-noticias"],"_links":{"self":[{"href":"https:\/\/www.movilesdualsim.com\/blog\/wp-json\/wp\/v2\/posts\/28964","targetHints":{"allow":["GET"]}}],"collection":[{"href":"https:\/\/www.movilesdualsim.com\/blog\/wp-json\/wp\/v2\/posts"}],"about":[{"href":"https:\/\/www.movilesdualsim.com\/blog\/wp-json\/wp\/v2\/types\/post"}],"author":[{"embeddable":true,"href":"https:\/\/www.movilesdualsim.com\/blog\/wp-json\/wp\/v2\/users\/32"}],"replies":[{"embeddable":true,"href":"https:\/\/www.movilesdualsim.com\/blog\/wp-json\/wp\/v2\/comments?post=28964"}],"version-history":[{"count":2,"href":"https:\/\/www.movilesdualsim.com\/blog\/wp-json\/wp\/v2\/posts\/28964\/revisions"}],"predecessor-version":[{"id":28968,"href":"https:\/\/www.movilesdualsim.com\/blog\/wp-json\/wp\/v2\/posts\/28964\/revisions\/28968"}],"wp:featuredmedia":[{"embeddable":true,"href":"https:\/\/www.movilesdualsim.com\/blog\/wp-json\/wp\/v2\/media\/28965"}],"wp:attachment":[{"href":"https:\/\/www.movilesdualsim.com\/blog\/wp-json\/wp\/v2\/media?parent=28964"}],"wp:term":[{"taxonomy":"category","embeddable":true,"href":"https:\/\/www.movilesdualsim.com\/blog\/wp-json\/wp\/v2\/categories?post=28964"},{"taxonomy":"post_tag","embeddable":true,"href":"https:\/\/www.movilesdualsim.com\/blog\/wp-json\/wp\/v2\/tags?post=28964"}],"curies":[{"name":"wp","href":"https:\/\/api.w.org\/{rel}","templated":true}]}}