{"id":29579,"date":"2023-09-12T09:56:39","date_gmt":"2023-09-12T08:56:39","guid":{"rendered":"https:\/\/www.movilesdualsim.com\/blog\/?p=29579"},"modified":"2023-09-12T09:56:48","modified_gmt":"2023-09-12T08:56:48","slug":"el-apple-iphone-mini-seguira-existiendo-despues-del-evento-de-apple-hoy","status":"publish","type":"post","link":"https:\/\/www.movilesdualsim.com\/blog\/el-apple-iphone-mini-seguira-existiendo-despues-del-evento-de-apple-hoy\/","title":{"rendered":"\u00bfEl Apple iPhone Mini seguir\u00e1 existiendo despu\u00e9s del evento de Apple hoy?"},"content":{"rendered":"\n<h2 class=\"wp-block-heading\">El iPhone Mini podr\u00eda ser descontinuado despu\u00e9s del evento de hoy<\/h2>\n\n\n\n<p class=\"wp-block-paragraph\">Como recordar\u00e1s, Apple present\u00f3 los tel\u00e9fonos iPhone Mini con el lanzamiento del iPhone 12 Mini. Este lanzamiento fue un sue\u00f1o hecho realidad para los usuarios de iPhone que les gusta tener un tel\u00e9fono peque\u00f1o y compacto pero no quieren sacrificar rendimiento y especificaciones principales.<\/p>\n\n\n\n<p class=\"wp-block-paragraph\">Apple lanz\u00f3 un sucesor despu\u00e9s de la introducci\u00f3n inicial, el iPhone 13 Mini. Esto fue resultado de los comentarios positivos de los usuarios del predecesor. Pero quiz\u00e1s hayas notado que no hay un iPhone Mini en la alineaci\u00f3n del iPhone 14. Aunque Apple no dijo nada oficialmente al respecto, era bastante claro por qu\u00e9 el gigante de Cupertino decidi\u00f3 omitir el tel\u00e9fono en la serie actual.<\/p>\n\n\n\n<p class=\"wp-block-paragraph\">Esto se debe a que el iPhone 13 Mini tuvo bajas ventas en general. Un informe de Counterpoint Research se centr\u00f3 en el rendimiento de ventas de toda la serie iPhone 13 despu\u00e9s de que Apple lanzara la l\u00ednea. Seg\u00fan el informe, el modelo Mini tuvo un escaso 5%, mientras que el iPhone 13 regular tuvo un 51%, el 13 Pro Max un 23% y el 13 Pro un 21%.<\/p>\n\n\n\n<figure class=\"wp-block-image size-large\"><img loading=\"lazy\" decoding=\"async\" width=\"1300\" height=\"867\" src=\"https:\/\/www.movilesdualsim.com\/blog\/wp-content\/uploads\/g7j-gxrdgoy-1300x867.jpg\" alt=\"iPhone mini\" class=\"wp-image-29582\" srcset=\"https:\/\/www.movilesdualsim.com\/blog\/wp-content\/uploads\/g7j-gxrdgoy-1300x867.jpg 1300w, https:\/\/www.movilesdualsim.com\/blog\/wp-content\/uploads\/g7j-gxrdgoy-300x200.jpg 300w, https:\/\/www.movilesdualsim.com\/blog\/wp-content\/uploads\/g7j-gxrdgoy-768x512.jpg 768w, https:\/\/www.movilesdualsim.com\/blog\/wp-content\/uploads\/g7j-gxrdgoy-1536x1024.jpg 1536w, https:\/\/www.movilesdualsim.com\/blog\/wp-content\/uploads\/g7j-gxrdgoy.jpg 1600w\" sizes=\"auto, (max-width: 1300px) 100vw, 1300px\" \/><figcaption class=\"wp-element-caption\">iPhone mini<\/figcaption><\/figure>\n\n\n\n<p class=\"wp-block-paragraph\">El rendimiento de ventas no mejor\u00f3 mucho despu\u00e9s, por lo que Apple decidi\u00f3 omitir el iPhone Mini en con el lanzamiento del iPhone 14. Y ahora parece que no habr\u00e1 ning\u00fan modelo Mini en la pr\u00f3xima serie iPhone 15.<\/p>\n\n\n\n<h2 class=\"wp-block-heading\">Apple podr\u00eda descontinuar el iPhone Mini despu\u00e9s del evento de hoy<\/h2>\n\n\n\n<p class=\"wp-block-paragraph\">Seg\u00fan <a href=\"https:\/\/twitter.com\/markgurman\/status\/1700953564577923085\/\" target=\"_blank\" rel=\"noreferrer noopener\">Mark Gurman de Bloomberg<\/a>, un experto de la industria, <strong>el stock del iPhone 13 Mini se est\u00e1 agotando<\/strong>. La tienda en l\u00ednea de Apple en Estados Unidos ahora muestra un tiempo de env\u00edo de 2 a 3 semanas para algunos modelos y hasta 6 a 8 semanas para otros. Esta alta estimaci\u00f3n de env\u00edo sugiere una escasez de suministro.<\/p>\n\n\n\n<figure class=\"wp-block-embed is-type-rich is-provider-twitter wp-block-embed-twitter\"><div class=\"wp-block-embed__wrapper\">\n<blockquote class=\"twitter-tweet\" data-width=\"500\" data-dnt=\"true\"><p lang=\"en\" dir=\"ltr\">Latest tidbits from retail:<br>&#8211; Low\/no stock of Watch Ultras, watch bands, leather cases, MagSafe wallets, iPhone 12, 13 minis, Pro phones<br>&#8211; Merchandise reset on evening of Sept. 12 with manager call set for after event. Uncharacteristic for event days<br>&#8211; Plan to push USB-C bricks<\/p>&mdash; Mark Gurman (@markgurman) <a href=\"https:\/\/twitter.com\/markgurman\/status\/1700953564577923085?ref_src=twsrc%5Etfw\">September 10, 2023<\/a><\/blockquote><script async src=\"https:\/\/platform.twitter.com\/widgets.js\" charset=\"utf-8\"><\/script>\n<\/div><\/figure>\n\n\n\n<p class=\"wp-block-paragraph\">La escasez de suministro del modelo iPhone Mini sugiere que <strong>Apple podr\u00eda descontinuar por completo los tel\u00e9fonos Mini despu\u00e9s del <a href=\"https:\/\/www.movilesdualsim.com\/blog\/confirmado-presentacion-del-iphone-15-el-12-de-septiembre\/\" target=\"_blank\" rel=\"noreferrer noopener\">evento \u00abWanderlust\u00bb<\/a> programado para hoy<\/strong>. Entonces, si quieres comprar un iPhone Mini, esta podr\u00eda ser tu \u00faltima oportunidad.<\/p>\n\n\n\n<p class=\"wp-block-paragraph\">Para aquellos que se preguntan, la nueva serie iPhone 15 que Apple presentar\u00e1 hoy vendr\u00e1 con un iPhone 15 de 6.1 pulgadas, un 15 Plus de 6.7 pulgadas, un 15 Pro de 6.1 pulgadas y un 15 Pro Max de 6.7 pulgadas. Ofreceremos una cobertura detallada del evento de hoy, as\u00ed que mantente atento.<\/p>\n\n\n<div class=\"kk-star-ratings kksr-auto kksr-align-center kksr-valign-bottom\"\n    data-payload='{&quot;align&quot;:&quot;center&quot;,&quot;id&quot;:&quot;29579&quot;,&quot;slug&quot;:&quot;default&quot;,&quot;valign&quot;:&quot;bottom&quot;,&quot;ignore&quot;:&quot;&quot;,&quot;reference&quot;:&quot;auto&quot;,&quot;class&quot;:&quot;&quot;,&quot;count&quot;:&quot;1&quot;,&quot;legendonly&quot;:&quot;&quot;,&quot;readonly&quot;:&quot;&quot;,&quot;score&quot;:&quot;5&quot;,&quot;starsonly&quot;:&quot;&quot;,&quot;best&quot;:&quot;5&quot;,&quot;gap&quot;:&quot;5&quot;,&quot;greet&quot;:&quot;&quot;,&quot;legend&quot;:&quot;5\\\/5 - (1 voto)&quot;,&quot;size&quot;:&quot;24&quot;,&quot;title&quot;:&quot;\u00bfEl Apple iPhone Mini seguir\u00e1 existiendo despu\u00e9s del evento de Apple hoy?&quot;,&quot;width&quot;:&quot;142.5&quot;,&quot;_legend&quot;:&quot;{score}\\\/{best} - ({count} {votes})&quot;,&quot;font_factor&quot;:&quot;1.25&quot;}'>\n            \n<div class=\"kksr-stars\">\n    \n<div class=\"kksr-stars-inactive\">\n            <div class=\"kksr-star\" data-star=\"1\" style=\"padding-right: 5px\">\n            \n\n<div class=\"kksr-icon\" style=\"width: 24px; height: 24px;\"><\/div>\n        <\/div>\n            <div class=\"kksr-star\" data-star=\"2\" style=\"padding-right: 5px\">\n            \n\n<div class=\"kksr-icon\" style=\"width: 24px; height: 24px;\"><\/div>\n        <\/div>\n            <div class=\"kksr-star\" data-star=\"3\" style=\"padding-right: 5px\">\n            \n\n<div class=\"kksr-icon\" style=\"width: 24px; height: 24px;\"><\/div>\n        <\/div>\n            <div class=\"kksr-star\" data-star=\"4\" style=\"padding-right: 5px\">\n            \n\n<div class=\"kksr-icon\" style=\"width: 24px; height: 24px;\"><\/div>\n        <\/div>\n            <div class=\"kksr-star\" data-star=\"5\" style=\"padding-right: 5px\">\n            \n\n<div class=\"kksr-icon\" style=\"width: 24px; height: 24px;\"><\/div>\n        <\/div>\n    <\/div>\n    \n<div class=\"kksr-stars-active\" style=\"width: 142.5px;\">\n            <div class=\"kksr-star\" style=\"padding-right: 5px\">\n            \n\n<div class=\"kksr-icon\" style=\"width: 24px; height: 24px;\"><\/div>\n        <\/div>\n            <div class=\"kksr-star\" style=\"padding-right: 5px\">\n            \n\n<div class=\"kksr-icon\" style=\"width: 24px; height: 24px;\"><\/div>\n        <\/div>\n            <div class=\"kksr-star\" style=\"padding-right: 5px\">\n            \n\n<div class=\"kksr-icon\" style=\"width: 24px; height: 24px;\"><\/div>\n        <\/div>\n            <div class=\"kksr-star\" style=\"padding-right: 5px\">\n            \n\n<div class=\"kksr-icon\" style=\"width: 24px; height: 24px;\"><\/div>\n        <\/div>\n            <div class=\"kksr-star\" style=\"padding-right: 5px\">\n            \n\n<div class=\"kksr-icon\" style=\"width: 24px; height: 24px;\"><\/div>\n        <\/div>\n    <\/div>\n<\/div>\n                \n\n<div class=\"kksr-legend\" style=\"font-size: 19.2px;\">\n            5\/5 - (1 voto)    <\/div>\n    <\/div>\n","protected":false},"excerpt":{"rendered":"<p>El iPhone Mini podr\u00eda ser descontinuado despu\u00e9s del evento de hoy Como recordar\u00e1s, Apple present\u00f3 los tel\u00e9fonos iPhone Mini con el lanzamiento del iPhone 12 Mini. Este lanzamiento fue un sue\u00f1o hecho realidad para los usuarios de iPhone que les gusta tener un tel\u00e9fono peque\u00f1o y compacto pero no quieren sacrificar rendimiento y especificaciones principales. [&hellip;]<\/p>\n","protected":false},"author":32,"featured_media":29584,"comment_status":"open","ping_status":"closed","sticky":false,"template":"","format":"standard","meta":{"footnotes":""},"categories":[1345,116,101],"tags":[],"class_list":["post-29579","post","type-post","status-publish","format-standard","has-post-thumbnail","hentry","category-apple","category-iphone","category-noticias"],"_links":{"self":[{"href":"https:\/\/www.movilesdualsim.com\/blog\/wp-json\/wp\/v2\/posts\/29579","targetHints":{"allow":["GET"]}}],"collection":[{"href":"https:\/\/www.movilesdualsim.com\/blog\/wp-json\/wp\/v2\/posts"}],"about":[{"href":"https:\/\/www.movilesdualsim.com\/blog\/wp-json\/wp\/v2\/types\/post"}],"author":[{"embeddable":true,"href":"https:\/\/www.movilesdualsim.com\/blog\/wp-json\/wp\/v2\/users\/32"}],"replies":[{"embeddable":true,"href":"https:\/\/www.movilesdualsim.com\/blog\/wp-json\/wp\/v2\/comments?post=29579"}],"version-history":[{"count":1,"href":"https:\/\/www.movilesdualsim.com\/blog\/wp-json\/wp\/v2\/posts\/29579\/revisions"}],"predecessor-version":[{"id":29585,"href":"https:\/\/www.movilesdualsim.com\/blog\/wp-json\/wp\/v2\/posts\/29579\/revisions\/29585"}],"wp:featuredmedia":[{"embeddable":true,"href":"https:\/\/www.movilesdualsim.com\/blog\/wp-json\/wp\/v2\/media\/29584"}],"wp:attachment":[{"href":"https:\/\/www.movilesdualsim.com\/blog\/wp-json\/wp\/v2\/media?parent=29579"}],"wp:term":[{"taxonomy":"category","embeddable":true,"href":"https:\/\/www.movilesdualsim.com\/blog\/wp-json\/wp\/v2\/categories?post=29579"},{"taxonomy":"post_tag","embeddable":true,"href":"https:\/\/www.movilesdualsim.com\/blog\/wp-json\/wp\/v2\/tags?post=29579"}],"curies":[{"name":"wp","href":"https:\/\/api.w.org\/{rel}","templated":true}]}}