{"id":30630,"date":"2023-10-23T17:17:17","date_gmt":"2023-10-23T16:17:17","guid":{"rendered":"https:\/\/www.movilesdualsim.com\/blog\/?p=30630"},"modified":"2023-10-23T17:18:27","modified_gmt":"2023-10-23T16:18:27","slug":"apple-nuevo-mac-a-finales-de-octubre","status":"publish","type":"post","link":"https:\/\/www.movilesdualsim.com\/blog\/apple-nuevo-mac-a-finales-de-octubre\/","title":{"rendered":"Apple: Nuevo Mac a finales de octubre"},"content":{"rendered":"\n<h2 class=\"wp-block-heading\">\u00bfApple prepara un evento de presentaci\u00f3n para este mes?<\/h2>\n\n\n\n<p class=\"wp-block-paragraph\">Seg\u00fan <a href=\"https:\/\/twitter.com\/markgurman\/status\/1716065994995900691\" target=\"_blank\" rel=\"noreferrer noopener nofollow\">Mark Gurman<\/a>, conocido periodista de tecnolog\u00eda, es muy posible que Apple organice un evento de presentaci\u00f3n relacionado con el Mac en las pr\u00f3ximas semanas. Gurman ha se\u00f1alado que varias configuraciones del iMac de 24 pulgadas, el MacBook Pro de 13 pulgadas y los MacBook Pro de 14 y 16 pulgadas est\u00e1n sufriendo retrasos en los env\u00edos hasta mediados de noviembre, lo que podr\u00eda ser \u00abuna clara se\u00f1al de que algo est\u00e1 a punto de suceder\u00bb.<\/p>\n\n\n\n<figure class=\"wp-block-embed is-type-rich is-provider-twitter wp-block-embed-twitter\"><div class=\"wp-block-embed__wrapper\">\n<blockquote class=\"twitter-tweet\" data-width=\"500\" data-dnt=\"true\"><p lang=\"en\" dir=\"ltr\">NEW: Apple\u2019s iMacs and MacBook Pros are in extremely short supply online and at retail stores. And new models may be coming soon: the company is likely planning a Mac related launch event at the end of this month. <a href=\"https:\/\/t.co\/3xwhck5JBs\">https:\/\/t.co\/3xwhck5JBs<\/a><\/p>&mdash; Mark Gurman (@markgurman) <a href=\"https:\/\/twitter.com\/markgurman\/status\/1716065994995900691?ref_src=twsrc%5Etfw\">October 22, 2023<\/a><\/blockquote><script async src=\"https:\/\/platform.twitter.com\/widgets.js\" charset=\"utf-8\"><\/script>\n<\/div><\/figure>\n\n\n\n<h2 class=\"wp-block-heading\">\u00bfCu\u00e1ndo se llevar\u00e1 a cabo el evento?<\/h2>\n\n\n\n<p class=\"wp-block-paragraph\">Seg\u00fan las especulaciones de Gurman, <strong>es probable que el evento de presentaci\u00f3n de Apple tenga lugar el lunes 30 o el martes 31 de octubre<\/strong>. Una de las razones que respaldan esta teor\u00eda es la <strong>convocatoria de resultados trimestrales de Apple<\/strong> programada para el jueves 2 de noviembre. En el pasado, la compa\u00f1\u00eda ha seguido un patr\u00f3n similar, lanzando nuevos productos poco antes de presentar sus resultados financieros.<\/p>\n\n\n\n<h2 class=\"wp-block-heading\">\u00bfQu\u00e9 productos podr\u00edamos ver en el evento?<\/h2>\n\n\n\n<p class=\"wp-block-paragraph\">Gurman estima que <strong>es probable que Apple anuncie un nuevo iMac de 24 pulgadas en el evento<\/strong>. El actual iMac lleva m\u00e1s de 900 d\u00edas sin actualizarse y es el \u00fanico modelo de la gama Mac de Apple que a\u00fan utiliza el chip M1. Se<strong> espera que el nuevo iMac adopte el rumoreado chip M3<\/strong>, lo que traer\u00e1 mejoras significativas en rendimiento y eficiencia.<\/p>\n\n\n\n<p class=\"wp-block-paragraph\">Adem\u00e1s, Gurman tambi\u00e9n sugiere la posibilidad de que veamos <strong>nuevos modelos de MacBook Pro de 14 y 16 pulgadas<\/strong>. Esto ser\u00eda un movimiento sorprendente, ya que Apple acaba de actualizar sus MacBook Pro premium en enero de 2023. Sin embargo, Gurman se\u00f1ala que una actualizaci\u00f3n adicional en el mismo a\u00f1o no ser\u00eda algo inconcebible.<\/p>\n\n\n\n<h2 class=\"wp-block-heading\">\u00bfQu\u00e9 mejoras podr\u00edamos esperar en los nuevos productos?<\/h2>\n\n\n\n<p class=\"wp-block-paragraph\">En cuanto al nuevo iMac, no se conocen muchos detalles sobre las mejoras que traer\u00e1. Sin embargo, Gurman ha mencionado anteriormente que <strong>se espera que el nuevo iMac abandone el chip M2 y adopte el nuevo chip M3 de Apple<\/strong>, lo que resultar\u00e1 en mejoras significativas en rendimiento y eficiencia.<\/p>\n\n\n\n<p class=\"wp-block-paragraph\">En cuanto a los nuevos modelos de MacBook Pro, Gurman no espera grandes cambios aparte de los nuevos procesadores. Sin embargo, se\u00f1ala que <strong>podr\u00edamos ver \u00abpeque\u00f1as mejoras en las pantallas\u00bb<\/strong>. Ser\u00e1 interesante ver qu\u00e9 sorpresas tiene Apple preparadas para el evento de presentaci\u00f3n.<\/p>\n\n\n<div class=\"kk-star-ratings kksr-auto kksr-align-center kksr-valign-bottom\"\n    data-payload='{&quot;align&quot;:&quot;center&quot;,&quot;id&quot;:&quot;30630&quot;,&quot;slug&quot;:&quot;default&quot;,&quot;valign&quot;:&quot;bottom&quot;,&quot;ignore&quot;:&quot;&quot;,&quot;reference&quot;:&quot;auto&quot;,&quot;class&quot;:&quot;&quot;,&quot;count&quot;:&quot;0&quot;,&quot;legendonly&quot;:&quot;&quot;,&quot;readonly&quot;:&quot;&quot;,&quot;score&quot;:&quot;0&quot;,&quot;starsonly&quot;:&quot;&quot;,&quot;best&quot;:&quot;5&quot;,&quot;gap&quot;:&quot;5&quot;,&quot;greet&quot;:&quot;&quot;,&quot;legend&quot;:&quot;0\\\/5 - (0 votos)&quot;,&quot;size&quot;:&quot;24&quot;,&quot;title&quot;:&quot;Apple: Nuevo Mac a finales de octubre&quot;,&quot;width&quot;:&quot;0&quot;,&quot;_legend&quot;:&quot;{score}\\\/{best} - ({count} {votes})&quot;,&quot;font_factor&quot;:&quot;1.25&quot;}'>\n            \n<div class=\"kksr-stars\">\n    \n<div class=\"kksr-stars-inactive\">\n            <div class=\"kksr-star\" data-star=\"1\" style=\"padding-right: 5px\">\n            \n\n<div class=\"kksr-icon\" style=\"width: 24px; height: 24px;\"><\/div>\n        <\/div>\n            <div class=\"kksr-star\" data-star=\"2\" style=\"padding-right: 5px\">\n            \n\n<div class=\"kksr-icon\" style=\"width: 24px; height: 24px;\"><\/div>\n        <\/div>\n            <div class=\"kksr-star\" data-star=\"3\" style=\"padding-right: 5px\">\n            \n\n<div class=\"kksr-icon\" style=\"width: 24px; height: 24px;\"><\/div>\n        <\/div>\n            <div class=\"kksr-star\" data-star=\"4\" style=\"padding-right: 5px\">\n            \n\n<div class=\"kksr-icon\" style=\"width: 24px; height: 24px;\"><\/div>\n        <\/div>\n            <div class=\"kksr-star\" data-star=\"5\" style=\"padding-right: 5px\">\n            \n\n<div class=\"kksr-icon\" style=\"width: 24px; height: 24px;\"><\/div>\n        <\/div>\n    <\/div>\n    \n<div class=\"kksr-stars-active\" style=\"width: 0px;\">\n            <div class=\"kksr-star\" style=\"padding-right: 5px\">\n            \n\n<div class=\"kksr-icon\" style=\"width: 24px; height: 24px;\"><\/div>\n        <\/div>\n            <div class=\"kksr-star\" style=\"padding-right: 5px\">\n            \n\n<div class=\"kksr-icon\" style=\"width: 24px; height: 24px;\"><\/div>\n        <\/div>\n            <div class=\"kksr-star\" style=\"padding-right: 5px\">\n            \n\n<div class=\"kksr-icon\" style=\"width: 24px; height: 24px;\"><\/div>\n        <\/div>\n            <div class=\"kksr-star\" style=\"padding-right: 5px\">\n            \n\n<div class=\"kksr-icon\" style=\"width: 24px; height: 24px;\"><\/div>\n        <\/div>\n            <div class=\"kksr-star\" style=\"padding-right: 5px\">\n            \n\n<div class=\"kksr-icon\" style=\"width: 24px; height: 24px;\"><\/div>\n        <\/div>\n    <\/div>\n<\/div>\n                \n\n<div class=\"kksr-legend\" style=\"font-size: 19.2px;\">\n            <span class=\"kksr-muted\"><\/span>\n    <\/div>\n    <\/div>\n","protected":false},"excerpt":{"rendered":"<p>\u00bfApple prepara un evento de presentaci\u00f3n para este mes? Seg\u00fan Mark Gurman, conocido periodista de tecnolog\u00eda, es muy posible que Apple organice un evento de presentaci\u00f3n relacionado con el Mac en las pr\u00f3ximas semanas. Gurman ha se\u00f1alado que varias configuraciones del iMac de 24 pulgadas, el MacBook Pro de 13 pulgadas y los MacBook Pro [&hellip;]<\/p>\n","protected":false},"author":32,"featured_media":30634,"comment_status":"open","ping_status":"closed","sticky":false,"template":"","format":"standard","meta":{"footnotes":""},"categories":[1345,1322,101],"tags":[],"class_list":["post-30630","post","type-post","status-publish","format-standard","has-post-thumbnail","hentry","category-apple","category-informatica","category-noticias"],"_links":{"self":[{"href":"https:\/\/www.movilesdualsim.com\/blog\/wp-json\/wp\/v2\/posts\/30630","targetHints":{"allow":["GET"]}}],"collection":[{"href":"https:\/\/www.movilesdualsim.com\/blog\/wp-json\/wp\/v2\/posts"}],"about":[{"href":"https:\/\/www.movilesdualsim.com\/blog\/wp-json\/wp\/v2\/types\/post"}],"author":[{"embeddable":true,"href":"https:\/\/www.movilesdualsim.com\/blog\/wp-json\/wp\/v2\/users\/32"}],"replies":[{"embeddable":true,"href":"https:\/\/www.movilesdualsim.com\/blog\/wp-json\/wp\/v2\/comments?post=30630"}],"version-history":[{"count":2,"href":"https:\/\/www.movilesdualsim.com\/blog\/wp-json\/wp\/v2\/posts\/30630\/revisions"}],"predecessor-version":[{"id":30635,"href":"https:\/\/www.movilesdualsim.com\/blog\/wp-json\/wp\/v2\/posts\/30630\/revisions\/30635"}],"wp:featuredmedia":[{"embeddable":true,"href":"https:\/\/www.movilesdualsim.com\/blog\/wp-json\/wp\/v2\/media\/30634"}],"wp:attachment":[{"href":"https:\/\/www.movilesdualsim.com\/blog\/wp-json\/wp\/v2\/media?parent=30630"}],"wp:term":[{"taxonomy":"category","embeddable":true,"href":"https:\/\/www.movilesdualsim.com\/blog\/wp-json\/wp\/v2\/categories?post=30630"},{"taxonomy":"post_tag","embeddable":true,"href":"https:\/\/www.movilesdualsim.com\/blog\/wp-json\/wp\/v2\/tags?post=30630"}],"curies":[{"name":"wp","href":"https:\/\/api.w.org\/{rel}","templated":true}]}}