{"id":32295,"date":"2024-02-10T16:34:14","date_gmt":"2024-02-10T15:34:14","guid":{"rendered":"https:\/\/www.movilesdualsim.com\/blog\/?p=32295"},"modified":"2024-02-10T16:34:14","modified_gmt":"2024-02-10T15:34:14","slug":"el-honor-magic6-pro-revoluciona-la-fotografia-con-su-velocidad-excepcional","status":"publish","type":"post","link":"https:\/\/www.movilesdualsim.com\/blog\/el-honor-magic6-pro-revoluciona-la-fotografia-con-su-velocidad-excepcional\/","title":{"rendered":"El Honor Magic6 Pro revoluciona la fotograf\u00eda con su velocidad excepcional"},"content":{"rendered":"\n<h2 class=\"wp-block-heading\">Honor Magic6 Pro: el pr\u00f3ximo buque insignia de Honor llegar\u00e1 al mercado internacional<\/h2>\n\n\n\n<p class=\"wp-block-paragraph\">El mes pasado, Honor lanz\u00f3 su buque insignia, el <strong>Magic6 Pro<\/strong>, exclusivamente en el mercado chino, pero ahora se prepara para su lanzamiento a nivel mundial. La presentaci\u00f3n internacional est\u00e1 programada para el <strong>Mobile World Congress 2024<\/strong> en Barcelona, Espa\u00f1a, del 26 al 29 de febrero.<\/p>\n\n\n\n<h2 class=\"wp-block-heading\">La asociaci\u00f3n de Honor con la campeona mundial de esgrima, Cecilia Berder, destaca las capacidades de la c\u00e1mara del Magic6 Pro<\/h2>\n\n\n\n<p class=\"wp-block-paragraph\">Una colaboraci\u00f3n destacada con la campeona mundial de esgrima, <a href=\"https:\/\/es.wikipedia.org\/wiki\/C%C3%A9cilia_Berder\">Cecilia Berder<\/a>, resalta las impresionantes capacidades de la c\u00e1mara del Magic6 Pro. <\/p>\n\n\n\n<figure class=\"wp-block-image size-full\"><img loading=\"lazy\" decoding=\"async\" width=\"700\" height=\"394\" src=\"https:\/\/www.movilesdualsim.com\/blog\/wp-content\/uploads\/image-1400.png\" alt=\"\" class=\"wp-image-32299\" srcset=\"https:\/\/www.movilesdualsim.com\/blog\/wp-content\/uploads\/image-1400.png 700w, https:\/\/www.movilesdualsim.com\/blog\/wp-content\/uploads\/image-1400-300x169.png 300w\" sizes=\"auto, (max-width: 700px) 100vw, 700px\" \/><\/figure>\n\n\n\n<p class=\"wp-block-paragraph\">Honor ha elegido asociarse con Berder para demostrar la capacidad del dispositivo para capturar incluso los movimientos m\u00e1s r\u00e1pidos y dif\u00edciles de la esgrima.<\/p>\n\n\n\n<h2 class=\"wp-block-heading\">El sistema de c\u00e1mara Falcon del Honor Magic6 Pro lleva la fotograf\u00eda al siguiente nivel<\/h2>\n\n\n\n<p class=\"wp-block-paragraph\">El Magic6 Pro, sucesor del Magic5 Pro, est\u00e1 equipado con el potente procesador Snapdragon 8 Gen 3, similar al del Samsung Galaxy S24 Ultra, y una impresionante configuraci\u00f3n de c\u00e1maras. La asociaci\u00f3n con Cecilia Berder subraya c\u00f3mo este dispositivo puede superar los desaf\u00edos de capturar movimientos r\u00e1pidos y din\u00e1micos.<\/p>\n\n\n\n<figure class=\"wp-block-image size-full\"><img loading=\"lazy\" decoding=\"async\" width=\"768\" height=\"432\" src=\"https:\/\/www.movilesdualsim.com\/blog\/wp-content\/uploads\/image-1401.png\" alt=\"\" class=\"wp-image-32300\" srcset=\"https:\/\/www.movilesdualsim.com\/blog\/wp-content\/uploads\/image-1401.png 768w, https:\/\/www.movilesdualsim.com\/blog\/wp-content\/uploads\/image-1401-300x169.png 300w\" sizes=\"auto, (max-width: 768px) 100vw, 768px\" \/><\/figure>\n\n\n\n<p class=\"wp-block-paragraph\">El <strong>sistema de c\u00e1maras Falcon del Magic6 Pro<\/strong> lleva la fotograf\u00eda a un nivel superior con su conjunto de caracter\u00edsticas profesionales, incluido el <strong>Motion Sensing Capture 2.0<\/strong>. Este sistema ofrece capacidades de captura de im\u00e1genes excepcionales, como se puede apreciar en las im\u00e1genes adjuntas que muestran la destreza de Berder en acci\u00f3n.<\/p>\n\n\n\n<h2 class=\"wp-block-heading\">El Honor Magic6 Pro: una c\u00e1mara avanzada para capturar momentos \u00fanicos<\/h2>\n\n\n\n<p class=\"wp-block-paragraph\">El Magic6 Pro presenta un hardware de c\u00e1mara avanzado, con sensores principales de alta resoluci\u00f3n en la parte trasera, incluido un <strong>sensor gran angular de 50 megap\u00edxeles<\/strong>, un <strong>teleobjetivo de 180 megap\u00edxeles<\/strong> y un <strong>sensor ultra ancho de 50 megap\u00edxeles<\/strong>. En el frente, cuenta con un potente sensor para <strong>selfies de 50 megap\u00edxeles<\/strong>.<\/p>\n\n\n\n<p class=\"wp-block-paragraph\">En resumen, el Honor Magic6 Pro ofrece una <strong>impresionante gama de capacidades de c\u00e1mara que pueden<\/strong> capturar momentos \u00fanicos con detalle y claridad excepcionales. \u00bfQu\u00e9 opinas de estas caracter\u00edsticas?<\/p>\n\n\n\n<p class=\"wp-block-paragraph\">\u00bfQu\u00e9 opinas de las capacidades de c\u00e1mara que tiene el Honor Magic6 Pro?<\/p>\n\n\n<div class=\"kk-star-ratings kksr-auto kksr-align-center kksr-valign-bottom\"\n    data-payload='{&quot;align&quot;:&quot;center&quot;,&quot;id&quot;:&quot;32295&quot;,&quot;slug&quot;:&quot;default&quot;,&quot;valign&quot;:&quot;bottom&quot;,&quot;ignore&quot;:&quot;&quot;,&quot;reference&quot;:&quot;auto&quot;,&quot;class&quot;:&quot;&quot;,&quot;count&quot;:&quot;1&quot;,&quot;legendonly&quot;:&quot;&quot;,&quot;readonly&quot;:&quot;&quot;,&quot;score&quot;:&quot;5&quot;,&quot;starsonly&quot;:&quot;&quot;,&quot;best&quot;:&quot;5&quot;,&quot;gap&quot;:&quot;5&quot;,&quot;greet&quot;:&quot;&quot;,&quot;legend&quot;:&quot;5\\\/5 - (1 voto)&quot;,&quot;size&quot;:&quot;24&quot;,&quot;title&quot;:&quot;El Honor Magic6 Pro revoluciona la fotograf\u00eda con su velocidad excepcional&quot;,&quot;width&quot;:&quot;142.5&quot;,&quot;_legend&quot;:&quot;{score}\\\/{best} - ({count} {votes})&quot;,&quot;font_factor&quot;:&quot;1.25&quot;}'>\n            \n<div class=\"kksr-stars\">\n    \n<div class=\"kksr-stars-inactive\">\n            <div class=\"kksr-star\" data-star=\"1\" style=\"padding-right: 5px\">\n            \n\n<div class=\"kksr-icon\" style=\"width: 24px; height: 24px;\"><\/div>\n        <\/div>\n            <div class=\"kksr-star\" data-star=\"2\" style=\"padding-right: 5px\">\n            \n\n<div class=\"kksr-icon\" style=\"width: 24px; height: 24px;\"><\/div>\n        <\/div>\n            <div class=\"kksr-star\" data-star=\"3\" style=\"padding-right: 5px\">\n            \n\n<div class=\"kksr-icon\" style=\"width: 24px; height: 24px;\"><\/div>\n        <\/div>\n            <div class=\"kksr-star\" data-star=\"4\" style=\"padding-right: 5px\">\n            \n\n<div class=\"kksr-icon\" style=\"width: 24px; height: 24px;\"><\/div>\n        <\/div>\n            <div class=\"kksr-star\" data-star=\"5\" style=\"padding-right: 5px\">\n            \n\n<div class=\"kksr-icon\" style=\"width: 24px; height: 24px;\"><\/div>\n        <\/div>\n    <\/div>\n    \n<div class=\"kksr-stars-active\" style=\"width: 142.5px;\">\n            <div class=\"kksr-star\" style=\"padding-right: 5px\">\n            \n\n<div class=\"kksr-icon\" style=\"width: 24px; height: 24px;\"><\/div>\n        <\/div>\n            <div class=\"kksr-star\" style=\"padding-right: 5px\">\n            \n\n<div class=\"kksr-icon\" style=\"width: 24px; height: 24px;\"><\/div>\n        <\/div>\n            <div class=\"kksr-star\" style=\"padding-right: 5px\">\n            \n\n<div class=\"kksr-icon\" style=\"width: 24px; height: 24px;\"><\/div>\n        <\/div>\n            <div class=\"kksr-star\" style=\"padding-right: 5px\">\n            \n\n<div class=\"kksr-icon\" style=\"width: 24px; height: 24px;\"><\/div>\n        <\/div>\n            <div class=\"kksr-star\" style=\"padding-right: 5px\">\n            \n\n<div class=\"kksr-icon\" style=\"width: 24px; height: 24px;\"><\/div>\n        <\/div>\n    <\/div>\n<\/div>\n                \n\n<div class=\"kksr-legend\" style=\"font-size: 19.2px;\">\n            5\/5 - (1 voto)    <\/div>\n    <\/div>\n","protected":false},"excerpt":{"rendered":"<p>Honor Magic6 Pro: el pr\u00f3ximo buque insignia de Honor llegar\u00e1 al mercado internacional El mes pasado, Honor lanz\u00f3 su buque insignia, el Magic6 Pro, exclusivamente en el mercado chino, pero ahora se prepara para su lanzamiento a nivel mundial. La presentaci\u00f3n internacional est\u00e1 programada para el Mobile World Congress 2024 en Barcelona, Espa\u00f1a, del 26 [&hellip;]<\/p>\n","protected":false},"author":32,"featured_media":32296,"comment_status":"open","ping_status":"closed","sticky":false,"template":"","format":"standard","meta":{"footnotes":""},"categories":[1347,101],"tags":[1462,1461],"class_list":["post-32295","post","type-post","status-publish","format-standard","has-post-thumbnail","hentry","category-honor","category-noticias","tag-magic6-pro","tag-mwc-2024"],"_links":{"self":[{"href":"https:\/\/www.movilesdualsim.com\/blog\/wp-json\/wp\/v2\/posts\/32295","targetHints":{"allow":["GET"]}}],"collection":[{"href":"https:\/\/www.movilesdualsim.com\/blog\/wp-json\/wp\/v2\/posts"}],"about":[{"href":"https:\/\/www.movilesdualsim.com\/blog\/wp-json\/wp\/v2\/types\/post"}],"author":[{"embeddable":true,"href":"https:\/\/www.movilesdualsim.com\/blog\/wp-json\/wp\/v2\/users\/32"}],"replies":[{"embeddable":true,"href":"https:\/\/www.movilesdualsim.com\/blog\/wp-json\/wp\/v2\/comments?post=32295"}],"version-history":[{"count":2,"href":"https:\/\/www.movilesdualsim.com\/blog\/wp-json\/wp\/v2\/posts\/32295\/revisions"}],"predecessor-version":[{"id":32301,"href":"https:\/\/www.movilesdualsim.com\/blog\/wp-json\/wp\/v2\/posts\/32295\/revisions\/32301"}],"wp:featuredmedia":[{"embeddable":true,"href":"https:\/\/www.movilesdualsim.com\/blog\/wp-json\/wp\/v2\/media\/32296"}],"wp:attachment":[{"href":"https:\/\/www.movilesdualsim.com\/blog\/wp-json\/wp\/v2\/media?parent=32295"}],"wp:term":[{"taxonomy":"category","embeddable":true,"href":"https:\/\/www.movilesdualsim.com\/blog\/wp-json\/wp\/v2\/categories?post=32295"},{"taxonomy":"post_tag","embeddable":true,"href":"https:\/\/www.movilesdualsim.com\/blog\/wp-json\/wp\/v2\/tags?post=32295"}],"curies":[{"name":"wp","href":"https:\/\/api.w.org\/{rel}","templated":true}]}}