{"id":33090,"date":"2024-04-03T07:12:48","date_gmt":"2024-04-03T06:12:48","guid":{"rendered":"https:\/\/www.movilesdualsim.com\/blog\/?p=33090"},"modified":"2024-04-03T07:12:48","modified_gmt":"2024-04-03T06:12:48","slug":"ios-17-5-revela-el-nuevo-gesto-de-apretar-en-el-apple-pencil-3","status":"publish","type":"post","link":"https:\/\/www.movilesdualsim.com\/blog\/ios-17-5-revela-el-nuevo-gesto-de-apretar-en-el-apple-pencil-3\/","title":{"rendered":"iOS 17.5 revela el nuevo gesto de \u00abapretar\u00bb en el Apple Pencil 3"},"content":{"rendered":"\n<p class=\"wp-block-paragraph\"><strong>Nueva Era de Interactividad: Apple Pencil 3 Introduce Revolucionario Gesto de \u00abApretar\u00bb<\/strong><\/p>\n\n\n\n<p class=\"wp-block-paragraph\">La \u00faltima actualizaci\u00f3n de iOS 17.5 ha desvelado una novedad interesanre: <strong>se deja ver el gesto de \u00abapretar\u00bb para el a\u00fan no lanzado Apple Pencil 3<\/strong>. Esta funcionalidad promete transformar la manera en que interactuamos con nuestros dispositivos, permitiendo acciones r\u00e1pidas como la adici\u00f3n de formas, firmas, pegatinas o campos de texto con una simple presi\u00f3n del l\u00e1piz. A diferencia de su predecesor, el Apple Pencil 2, que se limita a un gesto de doble toque para alternar herramientas, este nuevo gesto sugiere una interactividad m\u00e1s rica y din\u00e1mica.<\/p>\n\n\n\n<p class=\"wp-block-paragraph\"><strong>El futuro de la productividad y creatividad con Apple<\/strong><\/p>\n\n\n\n<p class=\"wp-block-paragraph\">Adem\u00e1s de esta innovaci\u00f3n, se han filtrado detalles sobre las <strong>pr\u00f3ximas versiones de los iPads<\/strong> y un <strong>teclado Magic Keyboard redise\u00f1ado<\/strong>, que auguran una transformaci\u00f3n en el uso del iPad, acerc\u00e1ndolo a\u00fan m\u00e1s a la experiencia de un port\u00e1til tradicional. Los rumores apuntan a que el nuevo iPad Pro no solo ser\u00e1 m\u00e1s delgado sino que tambi\u00e9n <strong>incluir\u00e1 una pantalla OLED y el chip M3<\/strong>, mientras que el iPad Air se actualizar\u00e1 con el chip M2 y posiblemente se presente en un nuevo tama\u00f1o de 12,9 pulgadas.<\/p>\n\n\n\n<p class=\"wp-block-paragraph\">Estos avances no solo subrayan el compromiso de Apple con la innovaci\u00f3n tecnol\u00f3gica sino que tambi\u00e9n prometen elevar las capacidades de creatividad y productividad de los usuarios a niveles sin precedentes. Con el lanzamiento previsto para principios de mayo, la comunidad de Apple esperan con ansias m\u00e1s detalles y confirmaciones oficiales sobre estas emocionantes novedades.<\/p>\n\n\n\n<p class=\"wp-block-paragraph\"><strong>Expectativas y especulaciones en torno a las nuevas tecnolog\u00edas de Apple<\/strong><\/p>\n\n\n\n<p class=\"wp-block-paragraph\">El gesto de \u00abapretar\u00bb del Apple Pencil 3, junto con las mejoras anticipadas en los nuevos modelos de iPad y el redise\u00f1o del Magic Keyboard, se\u00f1alan una era de cambio significativo en la interacci\u00f3n entre los usuarios y sus dispositivos. La capacidad de rastrear el Apple Pencil a trav\u00e9s de la red Buscar, una caracter\u00edstica largamente solicitada y rumoreada, junto con la posibilidad de puntas magn\u00e9ticas intercambiables, subraya el enfoque de Apple en la personalizaci\u00f3n y la funcionalidad.<\/p>\n\n\n\n<p class=\"wp-block-paragraph\">Con el desarrollo de PencilKit 3, Apple no solo ofrece a los desarrolladores las herramientas necesarias para integrar plenamente el Apple Pencil en sus aplicaciones, sino que tambi\u00e9n abre la puerta a nuevas formas de creatividad digital y eficiencia. Aunque los detalles exactos sobre las nuevas capacidades que PencilKit 3 aportar\u00e1 a los usuarios a\u00fan no se han revelado, la comunidad de desarrolladores y usuarios finales se mantienen en expectativa.<\/p>\n\n\n\n<p class=\"wp-block-paragraph\"><strong>Conclusiones y perspectivas futuras<\/strong><\/p>\n\n\n\n<p class=\"wp-block-paragraph\">El panorama tecnol\u00f3gico de Apple para los pr\u00f3ximos meses se perfila emocionante y lleno de promesas. Con el lanzamiento de la beta de iPadOS 17.5, la empresa de Cupertino no solo ha sembrado curiosidad sobre sus pr\u00f3ximos dispositivos sino que tambi\u00e9n ha reafirmado su posici\u00f3n como l\u00edder en innovaci\u00f3n. Las mejoras en hardware y software indican un compromiso continuo con la mejora de la experiencia del usuario, manteniendo a Apple en la c\u00faspide de la tecnolog\u00eda de consumo.<\/p>\n\n\n\n<p class=\"wp-block-paragraph\">A medida que nos acercamos a los anuncios oficiales, la comunidad global de tecnolog\u00eda y aficionados de Apple se mantienen al borde de sus asientos, anticipando las formas en que estos avances redefinir\u00e1n nuestra interacci\u00f3n con la tecnolog\u00eda digital. Lo que est\u00e1 claro es que, con cada actualizaci\u00f3n y cada nuevo producto, Apple sigue empujando los l\u00edmites de lo posible, invit\u00e1ndonos a todos a imaginar y explorar un futuro cada vez m\u00e1s innovador y conectado.<\/p>\n\n\n<div class=\"kk-star-ratings kksr-auto kksr-align-center kksr-valign-bottom\"\n    data-payload='{&quot;align&quot;:&quot;center&quot;,&quot;id&quot;:&quot;33090&quot;,&quot;slug&quot;:&quot;default&quot;,&quot;valign&quot;:&quot;bottom&quot;,&quot;ignore&quot;:&quot;&quot;,&quot;reference&quot;:&quot;auto&quot;,&quot;class&quot;:&quot;&quot;,&quot;count&quot;:&quot;0&quot;,&quot;legendonly&quot;:&quot;&quot;,&quot;readonly&quot;:&quot;&quot;,&quot;score&quot;:&quot;0&quot;,&quot;starsonly&quot;:&quot;&quot;,&quot;best&quot;:&quot;5&quot;,&quot;gap&quot;:&quot;5&quot;,&quot;greet&quot;:&quot;&quot;,&quot;legend&quot;:&quot;0\\\/5 - (0 votos)&quot;,&quot;size&quot;:&quot;24&quot;,&quot;title&quot;:&quot;iOS 17.5 revela el nuevo gesto de \\u0026quot;apretar\\u0026quot; en el Apple Pencil 3&quot;,&quot;width&quot;:&quot;0&quot;,&quot;_legend&quot;:&quot;{score}\\\/{best} - ({count} {votes})&quot;,&quot;font_factor&quot;:&quot;1.25&quot;}'>\n            \n<div class=\"kksr-stars\">\n    \n<div class=\"kksr-stars-inactive\">\n            <div class=\"kksr-star\" data-star=\"1\" style=\"padding-right: 5px\">\n            \n\n<div class=\"kksr-icon\" style=\"width: 24px; height: 24px;\"><\/div>\n        <\/div>\n            <div class=\"kksr-star\" data-star=\"2\" style=\"padding-right: 5px\">\n            \n\n<div class=\"kksr-icon\" style=\"width: 24px; height: 24px;\"><\/div>\n        <\/div>\n            <div class=\"kksr-star\" data-star=\"3\" style=\"padding-right: 5px\">\n            \n\n<div class=\"kksr-icon\" style=\"width: 24px; height: 24px;\"><\/div>\n        <\/div>\n            <div class=\"kksr-star\" data-star=\"4\" style=\"padding-right: 5px\">\n            \n\n<div class=\"kksr-icon\" style=\"width: 24px; height: 24px;\"><\/div>\n        <\/div>\n            <div class=\"kksr-star\" data-star=\"5\" style=\"padding-right: 5px\">\n            \n\n<div class=\"kksr-icon\" style=\"width: 24px; height: 24px;\"><\/div>\n        <\/div>\n    <\/div>\n    \n<div class=\"kksr-stars-active\" style=\"width: 0px;\">\n            <div class=\"kksr-star\" style=\"padding-right: 5px\">\n            \n\n<div class=\"kksr-icon\" style=\"width: 24px; height: 24px;\"><\/div>\n        <\/div>\n            <div class=\"kksr-star\" style=\"padding-right: 5px\">\n            \n\n<div class=\"kksr-icon\" style=\"width: 24px; height: 24px;\"><\/div>\n        <\/div>\n            <div class=\"kksr-star\" style=\"padding-right: 5px\">\n            \n\n<div class=\"kksr-icon\" style=\"width: 24px; height: 24px;\"><\/div>\n        <\/div>\n            <div class=\"kksr-star\" style=\"padding-right: 5px\">\n            \n\n<div class=\"kksr-icon\" style=\"width: 24px; height: 24px;\"><\/div>\n        <\/div>\n            <div class=\"kksr-star\" style=\"padding-right: 5px\">\n            \n\n<div class=\"kksr-icon\" style=\"width: 24px; height: 24px;\"><\/div>\n        <\/div>\n    <\/div>\n<\/div>\n                \n\n<div class=\"kksr-legend\" style=\"font-size: 19.2px;\">\n            <span class=\"kksr-muted\"><\/span>\n    <\/div>\n    <\/div>\n","protected":false},"excerpt":{"rendered":"<p>Nueva Era de Interactividad: Apple Pencil 3 Introduce Revolucionario Gesto de \u00abApretar\u00bb La \u00faltima actualizaci\u00f3n de iOS 17.5 ha desvelado una novedad interesanre: se deja ver el gesto de \u00abapretar\u00bb para el a\u00fan no lanzado Apple Pencil 3. Esta funcionalidad promete transformar la manera en que interactuamos con nuestros dispositivos, permitiendo acciones r\u00e1pidas como la [&hellip;]<\/p>\n","protected":false},"author":14,"featured_media":33091,"comment_status":"open","ping_status":"closed","sticky":false,"template":"","format":"standard","meta":{"footnotes":""},"categories":[1345],"tags":[1542,1364,1543],"class_list":["post-33090","post","type-post","status-publish","format-standard","has-post-thumbnail","hentry","category-apple","tag-apple-pencil","tag-ipad","tag-macbook-pro"],"_links":{"self":[{"href":"https:\/\/www.movilesdualsim.com\/blog\/wp-json\/wp\/v2\/posts\/33090","targetHints":{"allow":["GET"]}}],"collection":[{"href":"https:\/\/www.movilesdualsim.com\/blog\/wp-json\/wp\/v2\/posts"}],"about":[{"href":"https:\/\/www.movilesdualsim.com\/blog\/wp-json\/wp\/v2\/types\/post"}],"author":[{"embeddable":true,"href":"https:\/\/www.movilesdualsim.com\/blog\/wp-json\/wp\/v2\/users\/14"}],"replies":[{"embeddable":true,"href":"https:\/\/www.movilesdualsim.com\/blog\/wp-json\/wp\/v2\/comments?post=33090"}],"version-history":[{"count":1,"href":"https:\/\/www.movilesdualsim.com\/blog\/wp-json\/wp\/v2\/posts\/33090\/revisions"}],"predecessor-version":[{"id":33092,"href":"https:\/\/www.movilesdualsim.com\/blog\/wp-json\/wp\/v2\/posts\/33090\/revisions\/33092"}],"wp:featuredmedia":[{"embeddable":true,"href":"https:\/\/www.movilesdualsim.com\/blog\/wp-json\/wp\/v2\/media\/33091"}],"wp:attachment":[{"href":"https:\/\/www.movilesdualsim.com\/blog\/wp-json\/wp\/v2\/media?parent=33090"}],"wp:term":[{"taxonomy":"category","embeddable":true,"href":"https:\/\/www.movilesdualsim.com\/blog\/wp-json\/wp\/v2\/categories?post=33090"},{"taxonomy":"post_tag","embeddable":true,"href":"https:\/\/www.movilesdualsim.com\/blog\/wp-json\/wp\/v2\/tags?post=33090"}],"curies":[{"name":"wp","href":"https:\/\/api.w.org\/{rel}","templated":true}]}}