{"id":37171,"date":"2024-12-14T16:34:57","date_gmt":"2024-12-14T15:34:57","guid":{"rendered":"https:\/\/www.movilesdualsim.com\/blog\/?p=37171"},"modified":"2024-12-14T16:34:59","modified_gmt":"2024-12-14T15:34:59","slug":"apple-dejara-de-vender-estos-modelos-de-iphone","status":"publish","type":"post","link":"https:\/\/www.movilesdualsim.com\/blog\/apple-dejara-de-vender-estos-modelos-de-iphone\/","title":{"rendered":"Apple dejar\u00e1 de vender estos modelos de iPhone"},"content":{"rendered":"\n<p class=\"wp-block-paragraph\">Apple ha anunciado que suspender\u00e1 la venta del iPhone SE 3 y la serie iPhone 14 en Europa para el a\u00f1o 2025. Esta medida responde a la nueva normativa de la Uni\u00f3n Europea, que exige que todos los dispositivos electr\u00f3nicos incorporen puertos de carga USB-C. Esta regulaci\u00f3n forma parte de una iniciativa m\u00e1s amplia de la UE para reducir los desechos electr\u00f3nicos y simplificar el proceso de carga para los consumidores, proporcionando una soluci\u00f3n de carga universal para los dispositivos.<\/p>\n\n\n\n<h3 class=\"wp-block-heading\">La normativa de la Uni\u00f3n Europea<\/h3>\n\n\n\n<p class=\"wp-block-paragraph\">La normativa de la Uni\u00f3n Europea, establecida en 2022, afecta a una amplia variedad de dispositivos electr\u00f3nicos. Exige que los smartphones, port\u00e1tiles, c\u00e1maras, auriculares, teclados y altavoces port\u00e1tiles adopten la tecnolog\u00eda USB-C antes de finales de 2024. El objetivo principal de esta ley es reducir la proliferaci\u00f3n de cables y conectores de carga diferentes, que a menudo generan grandes cantidades de residuos electr\u00f3nicos. Adem\u00e1s, se espera que esta medida aumente la comodidad del usuario, permitiendo que los consumidores utilicen un solo tipo de cargador para varios dispositivos.<\/p>\n\n\n\n<h3 class=\"wp-block-heading\">El impacto en Apple<\/h3>\n\n\n\n<p class=\"wp-block-paragraph\">El conector Lightning actual de Apple, que ha sido un est\u00e1ndar en los productos de la compa\u00f1\u00eda durante m\u00e1s de una d\u00e9cada, no cumple con los nuevos est\u00e1ndares de la UE. Por lo tanto, la gigante tecnol\u00f3gica debe ajustar su estrategia y modificar su gama de productos para cumplir con la normativa. El mercado europeo es clave para Apple, y este cambio regulatorio podr\u00eda influir en sus ingresos en la regi\u00f3n.<\/p>\n\n\n\n<h3 class=\"wp-block-heading\">Implicaciones globales y nuevas din\u00e1micas de mercado<\/h3>\n\n\n\n<p class=\"wp-block-paragraph\">India, otro mercado importante para Apple, tambi\u00e9n ha introducido una regulaci\u00f3n similar. A partir de 2025, los dispositivos electr\u00f3nicos en India tambi\u00e9n deber\u00e1n contar con puertos de carga USB-C. Este desarrollo aumenta a\u00fan m\u00e1s la presi\u00f3n sobre Apple para redise\u00f1ar sus productos. Las empresas en India tendr\u00e1n un plazo de tres meses para cumplir con la nueva norma una vez que entre en vigor, lo que pone de manifiesto la urgencia para los fabricantes de adaptarse r\u00e1pidamente.<\/p>\n\n\n\n<h3 class=\"wp-block-heading\">Reacci\u00f3n del consumidor europeo<\/h3>\n\n\n\n<p class=\"wp-block-paragraph\">Los consumidores europeos pueden sentirse decepcionados por la eliminaci\u00f3n de modelos populares como el iPhone SE 3 y el iPhone 14, ya que estos dispositivos han sido bien recibidos por su equilibrio entre caracter\u00edsticas y precio. Sin embargo, hay un aspecto positivo para los entusiastas de Apple. La compa\u00f1\u00eda planea presentar el iPhone SE 4 en marzo de 2025, un modelo que incluir\u00e1 un puerto USB-C, cumpliendo con los nuevos requisitos. Este lanzamiento anticipado sugiere que Apple est\u00e1 trabajando activamente para alinear sus productos con los est\u00e1ndares globales.<\/p>\n\n\n\n<h3 class=\"wp-block-heading\">La transici\u00f3n de Lightning a USB-C<\/h3>\n\n\n\n<p class=\"wp-block-paragraph\">El cambio de Lightning a USB-C representa una transformaci\u00f3n significativa para Apple, una empresa conocida por sus tecnolog\u00edas propietarias. Adaptarse a los est\u00e1ndares globales es esencial para mantener la competitividad en mercados clave como Europa e India. Aunque la transici\u00f3n pueda presentar desaf\u00edos iniciales, en \u00faltima instancia beneficia a los consumidores, promoviendo una mayor compatibilidad entre dispositivos y reduciendo la necesidad de varios tipos de cables de carga.<\/p>\n\n\n\n<h3 class=\"wp-block-heading\">El impacto m\u00e1s amplio en la tecnolog\u00eda y la experiencia del consumidor<\/h3>\n\n\n\n<p class=\"wp-block-paragraph\">La respuesta de Apple a estos cambios regulatorios demuestra c\u00f3mo las pol\u00edticas gubernamentales pueden impulsar la evoluci\u00f3n tecnol\u00f3gica. Se espera que la compa\u00f1\u00eda se adapte r\u00e1pidamente, asegurando que sus productos no solo cumplan con las nuevas regulaciones, sino que tambi\u00e9n sigan cautivando a los usuarios en todo el mundo. Esta transici\u00f3n a USB-C se alinea con los objetivos de la Uni\u00f3n Europea de simplificar la tecnolog\u00eda y reducir los desechos electr\u00f3nicos.<\/p>\n\n\n\n<p class=\"wp-block-paragraph\">Desde el punto de vista del consumidor, el movimiento hacia un est\u00e1ndar de carga universal es una bienvenida mejora. Con USB-C, los usuarios experimentar\u00e1n la comodidad de tener menos cables y mayor compatibilidad entre diferentes dispositivos. Este cambio tiene el potencial de agilizar la experiencia del usuario, haciendo la tecnolog\u00eda m\u00e1s accesible y f\u00e1cil de usar.<\/p>\n\n\n\n<p class=\"wp-block-paragraph\">A medida que la industria tecnol\u00f3gica contin\u00faa evolucionando, la decisi\u00f3n de Apple subraya la importancia de la adaptabilidad y la innovaci\u00f3n. El compromiso de la compa\u00f1\u00eda de cumplir con los nuevos est\u00e1ndares regulatorios mientras mantiene su atractivo para los consumidores demuestra su capacidad para navegar y prosperar en un mercado global en r\u00e1pida transformaci\u00f3n. Este desarrollo es un ejemplo de c\u00f3mo la regulaci\u00f3n puede influir en los avances tecnol\u00f3gicos y moldear el futuro de la electr\u00f3nica de consumo.<\/p>\n\n\n<div class=\"kk-star-ratings kksr-auto kksr-align-center kksr-valign-bottom\"\n    data-payload='{&quot;align&quot;:&quot;center&quot;,&quot;id&quot;:&quot;37171&quot;,&quot;slug&quot;:&quot;default&quot;,&quot;valign&quot;:&quot;bottom&quot;,&quot;ignore&quot;:&quot;&quot;,&quot;reference&quot;:&quot;auto&quot;,&quot;class&quot;:&quot;&quot;,&quot;count&quot;:&quot;1&quot;,&quot;legendonly&quot;:&quot;&quot;,&quot;readonly&quot;:&quot;&quot;,&quot;score&quot;:&quot;5&quot;,&quot;starsonly&quot;:&quot;&quot;,&quot;best&quot;:&quot;5&quot;,&quot;gap&quot;:&quot;5&quot;,&quot;greet&quot;:&quot;&quot;,&quot;legend&quot;:&quot;5\\\/5 - (1 voto)&quot;,&quot;size&quot;:&quot;24&quot;,&quot;title&quot;:&quot;Apple dejar\u00e1 de vender estos modelos de iPhone&quot;,&quot;width&quot;:&quot;142.5&quot;,&quot;_legend&quot;:&quot;{score}\\\/{best} - ({count} {votes})&quot;,&quot;font_factor&quot;:&quot;1.25&quot;}'>\n            \n<div class=\"kksr-stars\">\n    \n<div class=\"kksr-stars-inactive\">\n            <div class=\"kksr-star\" data-star=\"1\" style=\"padding-right: 5px\">\n            \n\n<div class=\"kksr-icon\" style=\"width: 24px; height: 24px;\"><\/div>\n        <\/div>\n            <div class=\"kksr-star\" data-star=\"2\" style=\"padding-right: 5px\">\n            \n\n<div class=\"kksr-icon\" style=\"width: 24px; height: 24px;\"><\/div>\n        <\/div>\n            <div class=\"kksr-star\" data-star=\"3\" style=\"padding-right: 5px\">\n            \n\n<div class=\"kksr-icon\" style=\"width: 24px; height: 24px;\"><\/div>\n        <\/div>\n            <div class=\"kksr-star\" data-star=\"4\" style=\"padding-right: 5px\">\n            \n\n<div class=\"kksr-icon\" style=\"width: 24px; height: 24px;\"><\/div>\n        <\/div>\n            <div class=\"kksr-star\" data-star=\"5\" style=\"padding-right: 5px\">\n            \n\n<div class=\"kksr-icon\" style=\"width: 24px; height: 24px;\"><\/div>\n        <\/div>\n    <\/div>\n    \n<div class=\"kksr-stars-active\" style=\"width: 142.5px;\">\n            <div class=\"kksr-star\" style=\"padding-right: 5px\">\n            \n\n<div class=\"kksr-icon\" style=\"width: 24px; height: 24px;\"><\/div>\n        <\/div>\n            <div class=\"kksr-star\" style=\"padding-right: 5px\">\n            \n\n<div class=\"kksr-icon\" style=\"width: 24px; height: 24px;\"><\/div>\n        <\/div>\n            <div class=\"kksr-star\" style=\"padding-right: 5px\">\n            \n\n<div class=\"kksr-icon\" style=\"width: 24px; height: 24px;\"><\/div>\n        <\/div>\n            <div class=\"kksr-star\" style=\"padding-right: 5px\">\n            \n\n<div class=\"kksr-icon\" style=\"width: 24px; height: 24px;\"><\/div>\n        <\/div>\n            <div class=\"kksr-star\" style=\"padding-right: 5px\">\n            \n\n<div class=\"kksr-icon\" style=\"width: 24px; height: 24px;\"><\/div>\n        <\/div>\n    <\/div>\n<\/div>\n                \n\n<div class=\"kksr-legend\" style=\"font-size: 19.2px;\">\n            5\/5 - (1 voto)    <\/div>\n    <\/div>\n","protected":false},"excerpt":{"rendered":"<p>Apple ha anunciado que suspender\u00e1 la venta del iPhone SE 3 y la serie iPhone 14 en Europa para el a\u00f1o 2025. Esta medida responde a la nueva normativa de la Uni\u00f3n Europea, que exige que todos los dispositivos electr\u00f3nicos incorporen puertos de carga USB-C. Esta regulaci\u00f3n forma parte de una iniciativa m\u00e1s amplia de [&hellip;]<\/p>\n","protected":false},"author":14,"featured_media":37172,"comment_status":"open","ping_status":"closed","sticky":false,"template":"","format":"standard","meta":{"footnotes":""},"categories":[1345,116,101],"tags":[],"class_list":["post-37171","post","type-post","status-publish","format-standard","has-post-thumbnail","hentry","category-apple","category-iphone","category-noticias"],"_links":{"self":[{"href":"https:\/\/www.movilesdualsim.com\/blog\/wp-json\/wp\/v2\/posts\/37171","targetHints":{"allow":["GET"]}}],"collection":[{"href":"https:\/\/www.movilesdualsim.com\/blog\/wp-json\/wp\/v2\/posts"}],"about":[{"href":"https:\/\/www.movilesdualsim.com\/blog\/wp-json\/wp\/v2\/types\/post"}],"author":[{"embeddable":true,"href":"https:\/\/www.movilesdualsim.com\/blog\/wp-json\/wp\/v2\/users\/14"}],"replies":[{"embeddable":true,"href":"https:\/\/www.movilesdualsim.com\/blog\/wp-json\/wp\/v2\/comments?post=37171"}],"version-history":[{"count":1,"href":"https:\/\/www.movilesdualsim.com\/blog\/wp-json\/wp\/v2\/posts\/37171\/revisions"}],"predecessor-version":[{"id":37178,"href":"https:\/\/www.movilesdualsim.com\/blog\/wp-json\/wp\/v2\/posts\/37171\/revisions\/37178"}],"wp:featuredmedia":[{"embeddable":true,"href":"https:\/\/www.movilesdualsim.com\/blog\/wp-json\/wp\/v2\/media\/37172"}],"wp:attachment":[{"href":"https:\/\/www.movilesdualsim.com\/blog\/wp-json\/wp\/v2\/media?parent=37171"}],"wp:term":[{"taxonomy":"category","embeddable":true,"href":"https:\/\/www.movilesdualsim.com\/blog\/wp-json\/wp\/v2\/categories?post=37171"},{"taxonomy":"post_tag","embeddable":true,"href":"https:\/\/www.movilesdualsim.com\/blog\/wp-json\/wp\/v2\/tags?post=37171"}],"curies":[{"name":"wp","href":"https:\/\/api.w.org\/{rel}","templated":true}]}}