{"id":6941,"date":"2011-05-20T10:03:45","date_gmt":"2011-05-20T08:03:45","guid":{"rendered":"http:\/\/www.movilesdualsim.com\/?p=6941"},"modified":"2011-05-20T10:03:45","modified_gmt":"2011-05-20T08:03:45","slug":"allview-esta-presente-en-el-mercado-de-telefonia-movil-en-espana","status":"publish","type":"post","link":"https:\/\/www.movilesdualsim.com\/blog\/allview-esta-presente-en-el-mercado-de-telefonia-movil-en-espana\/","title":{"rendered":"Allview est\u00e1 presente en el mercado de telefon\u00eda m\u00f3vil en Espa\u00f1a"},"content":{"rendered":"<p>La empresa <strong>Pro Comunicaciones<\/strong> planea vender en Espa\u00f1a m\u00f3viles DualSIM de la marca <strong>Allview, <\/strong>con base en Ruman\u00eda.<!--more--><\/p>\n<p>A trav\u00e9s de una nota de prensa anuncian que los m\u00f3viles Allview se vender\u00e1n en tiendas especializadas, aunque no se especifica en cuales (The Phone House? Worten?&#8230;).<\/p>\n<p>Viendo el cat\u00e1logo de m\u00f3viles DualSIM de Allview aparecen muchos modelos a un precio muy asequible.<\/p>\n<p>No he probado ninguno de ellos y desconozco si son fibles. Cuando alguien los pruebe se agradecer\u00e1n los comentarios y reviews.<\/p>\n\n\n<div class=\"kk-star-ratings kksr-auto kksr-align-center kksr-valign-bottom\"\n    data-payload='{&quot;align&quot;:&quot;center&quot;,&quot;id&quot;:&quot;6941&quot;,&quot;slug&quot;:&quot;default&quot;,&quot;valign&quot;:&quot;bottom&quot;,&quot;ignore&quot;:&quot;&quot;,&quot;reference&quot;:&quot;auto&quot;,&quot;class&quot;:&quot;&quot;,&quot;count&quot;:&quot;0&quot;,&quot;legendonly&quot;:&quot;&quot;,&quot;readonly&quot;:&quot;&quot;,&quot;score&quot;:&quot;0&quot;,&quot;starsonly&quot;:&quot;&quot;,&quot;best&quot;:&quot;5&quot;,&quot;gap&quot;:&quot;5&quot;,&quot;greet&quot;:&quot;&quot;,&quot;legend&quot;:&quot;0\\\/5 - (0 votos)&quot;,&quot;size&quot;:&quot;24&quot;,&quot;title&quot;:&quot;Allview est\u00e1 presente en el mercado de telefon\u00eda m\u00f3vil en Espa\u00f1a&quot;,&quot;width&quot;:&quot;0&quot;,&quot;_legend&quot;:&quot;{score}\\\/{best} - ({count} {votes})&quot;,&quot;font_factor&quot;:&quot;1.25&quot;}'>\n            \n<div class=\"kksr-stars\">\n    \n<div class=\"kksr-stars-inactive\">\n            <div class=\"kksr-star\" data-star=\"1\" style=\"padding-right: 5px\">\n            \n\n<div class=\"kksr-icon\" style=\"width: 24px; height: 24px;\"><\/div>\n        <\/div>\n            <div class=\"kksr-star\" data-star=\"2\" style=\"padding-right: 5px\">\n            \n\n<div class=\"kksr-icon\" style=\"width: 24px; height: 24px;\"><\/div>\n        <\/div>\n            <div class=\"kksr-star\" data-star=\"3\" style=\"padding-right: 5px\">\n            \n\n<div class=\"kksr-icon\" style=\"width: 24px; height: 24px;\"><\/div>\n        <\/div>\n            <div class=\"kksr-star\" data-star=\"4\" style=\"padding-right: 5px\">\n            \n\n<div class=\"kksr-icon\" style=\"width: 24px; height: 24px;\"><\/div>\n        <\/div>\n            <div class=\"kksr-star\" data-star=\"5\" style=\"padding-right: 5px\">\n            \n\n<div class=\"kksr-icon\" style=\"width: 24px; height: 24px;\"><\/div>\n        <\/div>\n    <\/div>\n    \n<div class=\"kksr-stars-active\" style=\"width: 0px;\">\n            <div class=\"kksr-star\" style=\"padding-right: 5px\">\n            \n\n<div class=\"kksr-icon\" style=\"width: 24px; height: 24px;\"><\/div>\n        <\/div>\n            <div class=\"kksr-star\" style=\"padding-right: 5px\">\n            \n\n<div class=\"kksr-icon\" style=\"width: 24px; height: 24px;\"><\/div>\n        <\/div>\n            <div class=\"kksr-star\" style=\"padding-right: 5px\">\n            \n\n<div class=\"kksr-icon\" style=\"width: 24px; height: 24px;\"><\/div>\n        <\/div>\n            <div class=\"kksr-star\" style=\"padding-right: 5px\">\n            \n\n<div class=\"kksr-icon\" style=\"width: 24px; height: 24px;\"><\/div>\n        <\/div>\n            <div class=\"kksr-star\" style=\"padding-right: 5px\">\n            \n\n<div class=\"kksr-icon\" style=\"width: 24px; height: 24px;\"><\/div>\n        <\/div>\n    <\/div>\n<\/div>\n                \n\n<div class=\"kksr-legend\" style=\"font-size: 19.2px;\">\n            <span class=\"kksr-muted\"><\/span>\n    <\/div>\n    <\/div>\n","protected":false},"excerpt":{"rendered":"<p>La empresa Pro Comunicaciones planea vender en Espa\u00f1a m\u00f3viles DualSIM de la marca Allview, con base en Ruman\u00eda.<\/p>\n","protected":false},"author":1,"featured_media":7025,"comment_status":"open","ping_status":"open","sticky":false,"template":"","format":"standard","meta":{"footnotes":""},"categories":[101,124],"tags":[239,940],"class_list":["post-6941","post","type-post","status-publish","format-standard","has-post-thumbnail","hentry","category-noticias","category-qwerty-dual","tag-allview","tag-qwerty"],"_links":{"self":[{"href":"https:\/\/www.movilesdualsim.com\/blog\/wp-json\/wp\/v2\/posts\/6941","targetHints":{"allow":["GET"]}}],"collection":[{"href":"https:\/\/www.movilesdualsim.com\/blog\/wp-json\/wp\/v2\/posts"}],"about":[{"href":"https:\/\/www.movilesdualsim.com\/blog\/wp-json\/wp\/v2\/types\/post"}],"author":[{"embeddable":true,"href":"https:\/\/www.movilesdualsim.com\/blog\/wp-json\/wp\/v2\/users\/1"}],"replies":[{"embeddable":true,"href":"https:\/\/www.movilesdualsim.com\/blog\/wp-json\/wp\/v2\/comments?post=6941"}],"version-history":[{"count":0,"href":"https:\/\/www.movilesdualsim.com\/blog\/wp-json\/wp\/v2\/posts\/6941\/revisions"}],"wp:featuredmedia":[{"embeddable":true,"href":"https:\/\/www.movilesdualsim.com\/blog\/wp-json\/wp\/v2\/media\/7025"}],"wp:attachment":[{"href":"https:\/\/www.movilesdualsim.com\/blog\/wp-json\/wp\/v2\/media?parent=6941"}],"wp:term":[{"taxonomy":"category","embeddable":true,"href":"https:\/\/www.movilesdualsim.com\/blog\/wp-json\/wp\/v2\/categories?post=6941"},{"taxonomy":"post_tag","embeddable":true,"href":"https:\/\/www.movilesdualsim.com\/blog\/wp-json\/wp\/v2\/tags?post=6941"}],"curies":[{"name":"wp","href":"https:\/\/api.w.org\/{rel}","templated":true}]}}